{"id":312504,"date":"2025-11-20T14:03:18","date_gmt":"2025-11-20T13:03:18","guid":{"rendered":"https:\/\/www.evearly.news\/fr\/volkswagen-id-cross-premieres-images-du-futur-petit-suv-100-electrique\/"},"modified":"2025-11-20T14:03:18","modified_gmt":"2025-11-20T13:03:18","slug":"volkswagen-id-cross-premieres-images-du-futur-petit-suv-100-electrique","status":"publish","type":"post","link":"https:\/\/www.evearly.news\/fr\/volkswagen-id-cross-premieres-images-du-futur-petit-suv-100-electrique\/","title":{"rendered":"Volkswagen ID.Cross : premi\u00e8res images du futur petit SUV 100% \u00e9lectrique"},"content":{"rendered":"<div class=\"media_block\"><img decoding=\"async\" src=\"https:\/\/www.evearly.news\/fr\/wp-content\/uploads\/sites\/6\/2025\/11\/volkswagen-id-cross-premieres-images-du-futur-petit-suv-100-electrique.jpg\"><\/div>\n<p>Au salon de la mobilit\u00e9 IAA de Munich, en septembre dernier, Volkswagen pr\u00e9sentait le concept car ID.Cross, un petit SUV urbain 100% \u00e9lectrique qui rejoindra la gamme \u00e0 l\u2019automne 2026. Dans l\u2019intervalle, nos paparazzis ont d\u00e9busqu\u00e9 des prototypes camoufl\u00e9s en pleine s\u00e9ance de mise au point en Espagne. <a href=https:\/\/www.automobile-magazine.fr\/voitures-electriques\/article\/50181-volkswagen-idcross-premieres-images-du-futur-petit-suv-100-electrique target='bwindow'>Lire la suite&#8230;<\/a><\/p>\n","protected":false},"excerpt":{"rendered":"<div class=\"media_block\"><img decoding=\"async\" src=\"https:\/\/www.evearly.news\/fr\/wp-content\/uploads\/sites\/6\/2025\/11\/volkswagen-id-cross-premieres-images-du-futur-petit-suv-100-electrique.jpg\"><\/div>\n<p> <a class=\"continue-reading-link\" href=\"https:\/\/www.evearly.news\/fr\/volkswagen-id-cross-premieres-images-du-futur-petit-suv-100-electrique\/\"><\/a><\/p>\n","protected":false},"author":7,"featured_media":312505,"comment_status":"closed","ping_status":"open","sticky":false,"template":"Default","format":"standard","meta":{"footnotes":""},"categories":[7],"tags":[],"class_list":["post-312504","post","type-post","status-publish","format-standard","has-post-thumbnail","hentry","category-automobile-magazine"],"_links":{"self":[{"href":"https:\/\/www.evearly.news\/fr\/wp-json\/wp\/v2\/posts\/312504","targetHints":{"allow":["GET"]}}],"collection":[{"href":"https:\/\/www.evearly.news\/fr\/wp-json\/wp\/v2\/posts"}],"about":[{"href":"https:\/\/www.evearly.news\/fr\/wp-json\/wp\/v2\/types\/post"}],"author":[{"embeddable":true,"href":"https:\/\/www.evearly.news\/fr\/wp-json\/wp\/v2\/users\/7"}],"replies":[{"embeddable":true,"href":"https:\/\/www.evearly.news\/fr\/wp-json\/wp\/v2\/comments?post=312504"}],"version-history":[{"count":0,"href":"https:\/\/www.evearly.news\/fr\/wp-json\/wp\/v2\/posts\/312504\/revisions"}],"wp:featuredmedia":[{"embeddable":true,"href":"https:\/\/www.evearly.news\/fr\/wp-json\/wp\/v2\/media\/312505"}],"wp:attachment":[{"href":"https:\/\/www.evearly.news\/fr\/wp-json\/wp\/v2\/media?parent=312504"}],"wp:term":[{"taxonomy":"category","embeddable":true,"href":"https:\/\/www.evearly.news\/fr\/wp-json\/wp\/v2\/categories?post=312504"},{"taxonomy":"post_tag","embeddable":true,"href":"https:\/\/www.evearly.news\/fr\/wp-json\/wp\/v2\/tags?post=312504"}],"curies":[{"name":"wp","href":"https:\/\/api.w.org\/{rel}","templated":true}]}}