{"id":312510,"date":"2025-11-20T15:30:44","date_gmt":"2025-11-20T14:30:44","guid":{"rendered":"https:\/\/www.evearly.news\/fr\/byd-augmente-fortement-lautonomie-de-sa-petite-voiture-electrique-latto-2\/"},"modified":"2025-11-20T15:30:44","modified_gmt":"2025-11-20T14:30:44","slug":"byd-augmente-fortement-lautonomie-de-sa-petite-voiture-electrique-latto-2","status":"publish","type":"post","link":"https:\/\/www.evearly.news\/fr\/byd-augmente-fortement-lautonomie-de-sa-petite-voiture-electrique-latto-2\/","title":{"rendered":"BYD augmente fortement l\u2019autonomie de sa petite voiture \u00e9lectrique, l\u2019Atto 2"},"content":{"rendered":"<p><img width=\"1200\" height=\"675\" src=\"https:\/\/www.evearly.news\/fr\/wp-content\/uploads\/sites\/6\/2025\/11\/byd-augmente-fortement-lautonomie-de-sa-petite-voiture-electrique-latto-2.jpg\" class=\"attachment-full size-full wp-post-image\" alt=\"\" decoding=\"async\" loading=\"lazy\" \/<br \/>\nAvec sa nouvelle batterie, le BYD Atto 2 passe de 314 \u00e0 430 kilom\u00e8tres d&rsquo;autonomie WLTP. Une \u00e9volution int\u00e9ressante pour cette voiture \u00e9lectrique, qui s&rsquo;accompagne d&rsquo;une recharge rapide et d&rsquo;une dotation d&rsquo;\u00e9quipements revue \u00e0 la hausse.<br \/>\n <a href=https:\/\/www.frandroid.com\/marques\/byd\/2878509_byd-augmente-fortement-lautonomie-de-sa-petite-voiture-electrique-latto-2 target='blank'>Lire la suite&#8230;<\/a><\/p>\n","protected":false},"excerpt":{"rendered":"<p>&lt;img width=&quot;1200&quot; height=&quot;675&quot; src=&quot;https:\/\/www.evearly.news\/fr\/wp-content\/uploads\/sites\/6\/2025\/11\/byd-augmente-fortement-lautonomie-de-sa-petite-voiture-electrique-latto-2.jpg&quot; class=&quot;attachment-full size-full wp-post-image&quot; alt=&quot;&quot; decoding=&quot;async&quot; loading=&quot;lazy&quot; \/<br \/>\nAvec sa nouvelle batterie, le BYD Atto 2 passe de 314 \u00e0 430 kilom\u00e8tres d&rsquo;autonomie WLTP. Une \u00e9volution int\u00e9ressante pour cette voiture \u00e9lectrique, qui s&rsquo;accompagne d&rsquo;une recharge rapide et d&rsquo;une dotation d&rsquo;\u00e9quipements revue \u00e0 la hausse.\n<\/p>\n<p> <a class=\"continue-reading-link\" href=\"https:\/\/www.evearly.news\/fr\/byd-augmente-fortement-lautonomie-de-sa-petite-voiture-electrique-latto-2\/\"><\/a><\/p>\n","protected":false},"author":6,"featured_media":312511,"comment_status":"closed","ping_status":"open","sticky":false,"template":"Default","format":"standard","meta":{"footnotes":""},"categories":[14],"tags":[],"class_list":["post-312510","post","type-post","status-publish","format-standard","has-post-thumbnail","hentry","category-frandroid"],"_links":{"self":[{"href":"https:\/\/www.evearly.news\/fr\/wp-json\/wp\/v2\/posts\/312510","targetHints":{"allow":["GET"]}}],"collection":[{"href":"https:\/\/www.evearly.news\/fr\/wp-json\/wp\/v2\/posts"}],"about":[{"href":"https:\/\/www.evearly.news\/fr\/wp-json\/wp\/v2\/types\/post"}],"author":[{"embeddable":true,"href":"https:\/\/www.evearly.news\/fr\/wp-json\/wp\/v2\/users\/6"}],"replies":[{"embeddable":true,"href":"https:\/\/www.evearly.news\/fr\/wp-json\/wp\/v2\/comments?post=312510"}],"version-history":[{"count":0,"href":"https:\/\/www.evearly.news\/fr\/wp-json\/wp\/v2\/posts\/312510\/revisions"}],"wp:featuredmedia":[{"embeddable":true,"href":"https:\/\/www.evearly.news\/fr\/wp-json\/wp\/v2\/media\/312511"}],"wp:attachment":[{"href":"https:\/\/www.evearly.news\/fr\/wp-json\/wp\/v2\/media?parent=312510"}],"wp:term":[{"taxonomy":"category","embeddable":true,"href":"https:\/\/www.evearly.news\/fr\/wp-json\/wp\/v2\/categories?post=312510"},{"taxonomy":"post_tag","embeddable":true,"href":"https:\/\/www.evearly.news\/fr\/wp-json\/wp\/v2\/tags?post=312510"}],"curies":[{"name":"wp","href":"https:\/\/api.w.org\/{rel}","templated":true}]}}