{"id":312682,"date":"2025-11-24T18:02:32","date_gmt":"2025-11-24T17:02:32","guid":{"rendered":"https:\/\/www.evearly.news\/fr\/leapmotor-b05-on-a-decouvert-lhabitacle-de-la-compacte-electrique-qui-arrive-bientot-en-france\/"},"modified":"2025-11-24T18:02:32","modified_gmt":"2025-11-24T17:02:32","slug":"leapmotor-b05-on-a-decouvert-lhabitacle-de-la-compacte-electrique-qui-arrive-bientot-en-france","status":"publish","type":"post","link":"https:\/\/www.evearly.news\/fr\/leapmotor-b05-on-a-decouvert-lhabitacle-de-la-compacte-electrique-qui-arrive-bientot-en-france\/","title":{"rendered":"Leapmotor B05 : on a d\u00e9couvert l\u2019habitacle de la compacte \u00e9lectrique qui arrive bient\u00f4t en France"},"content":{"rendered":"<p><img decoding=\"async\" width=\"500\" height=\"333\" src=\"https:\/\/www.evearly.news\/fr\/wp-content\/uploads\/sites\/6\/2025\/11\/leapmotor-b05-on-a-decouvert-lhabitacle-de-la-compacte-electrique-qui-arrive-bientot-en-france.jpg\" class=\"attachment-1200x800 size-1200x800 wp-post-image\" alt=\"\" loading=\"lazy\" srcset=\"https:\/\/www.evearly.news\/fr\/wp-content\/uploads\/sites\/6\/2025\/11\/leapmotor-b05-on-a-decouvert-lhabitacle-de-la-compacte-electrique-qui-arrive-bientot-en-france.jpg 1200w, https:\/\/www.evearly.news\/fr\/wp-content\/uploads\/sites\/6\/2025\/11\/leapmotor-b05-on-a-decouvert-lhabitacle-de-la-compacte-electrique-qui-arrive-bientot-en-france-1.jpg 1024w, https:\/\/www.evearly.news\/fr\/wp-content\/uploads\/sites\/6\/2025\/11\/leapmotor-b05-on-a-decouvert-lhabitacle-de-la-compacte-electrique-qui-arrive-bientot-en-france-2.jpg 140w, https:\/\/www.evearly.news\/fr\/wp-content\/uploads\/sites\/6\/2025\/11\/leapmotor-b05-on-a-decouvert-lhabitacle-de-la-compacte-electrique-qui-arrive-bientot-en-france-3.jpg 768w, https:\/\/www.evearly.news\/fr\/wp-content\/uploads\/sites\/6\/2025\/11\/leapmotor-b05-on-a-decouvert-lhabitacle-de-la-compacte-electrique-qui-arrive-bientot-en-france-4.jpg 700w, https:\/\/www.evearly.news\/fr\/wp-content\/uploads\/sites\/6\/2025\/11\/leapmotor-b05-on-a-decouvert-lhabitacle-de-la-compacte-electrique-qui-arrive-bientot-en-france-5.jpg 960w, https:\/\/cdn.automobile-propre.com\/uploads\/2025\/11\/Leapmotor-Lafa5-Statique-29-100x66.jpg 100w\" sizes=\"auto, (max-width: 1200px) 100vw, 1200px\" \/><br \/>\nLa Leapmotor B05 viendra bient\u00f4t s&rsquo;ajouter \u00e0 la gamme du fabricant. Nous avons approch\u00e9 sa version chinoise Lafa5 au salon\u2026\u00a0<a href=https:\/\/www.automobile-propre.com\/articles\/leapmotor-b05-on-a-decouvert-lhabitacle-de-la-compacte-electrique-qui-arrive-bientot-en-france\/ target='bwindow'>Lire la suite&#8230;<\/a><\/p>\n","protected":false},"excerpt":{"rendered":"<p>&#8230; <a class=\"continue-reading-link\" href=\"https:\/\/www.evearly.news\/fr\/leapmotor-b05-on-a-decouvert-lhabitacle-de-la-compacte-electrique-qui-arrive-bientot-en-france\/\"><\/a><\/p>\n","protected":false},"author":8,"featured_media":312683,"comment_status":"closed","ping_status":"open","sticky":false,"template":"Default","format":"standard","meta":{"footnotes":""},"categories":[8],"tags":[],"class_list":["post-312682","post","type-post","status-publish","format-standard","has-post-thumbnail","hentry","category-automobile-propre"],"_links":{"self":[{"href":"https:\/\/www.evearly.news\/fr\/wp-json\/wp\/v2\/posts\/312682","targetHints":{"allow":["GET"]}}],"collection":[{"href":"https:\/\/www.evearly.news\/fr\/wp-json\/wp\/v2\/posts"}],"about":[{"href":"https:\/\/www.evearly.news\/fr\/wp-json\/wp\/v2\/types\/post"}],"author":[{"embeddable":true,"href":"https:\/\/www.evearly.news\/fr\/wp-json\/wp\/v2\/users\/8"}],"replies":[{"embeddable":true,"href":"https:\/\/www.evearly.news\/fr\/wp-json\/wp\/v2\/comments?post=312682"}],"version-history":[{"count":0,"href":"https:\/\/www.evearly.news\/fr\/wp-json\/wp\/v2\/posts\/312682\/revisions"}],"wp:featuredmedia":[{"embeddable":true,"href":"https:\/\/www.evearly.news\/fr\/wp-json\/wp\/v2\/media\/312683"}],"wp:attachment":[{"href":"https:\/\/www.evearly.news\/fr\/wp-json\/wp\/v2\/media?parent=312682"}],"wp:term":[{"taxonomy":"category","embeddable":true,"href":"https:\/\/www.evearly.news\/fr\/wp-json\/wp\/v2\/categories?post=312682"},{"taxonomy":"post_tag","embeddable":true,"href":"https:\/\/www.evearly.news\/fr\/wp-json\/wp\/v2\/tags?post=312682"}],"curies":[{"name":"wp","href":"https:\/\/api.w.org\/{rel}","templated":true}]}}