{"id":312692,"date":"2025-11-24T21:00:50","date_gmt":"2025-11-24T20:00:50","guid":{"rendered":"https:\/\/www.evearly.news\/fr\/tesla-enchaine-les-mauvais-resultats-au-controle-technique-allemand\/"},"modified":"2025-11-24T21:00:50","modified_gmt":"2025-11-24T20:00:50","slug":"tesla-enchaine-les-mauvais-resultats-au-controle-technique-allemand","status":"publish","type":"post","link":"https:\/\/www.evearly.news\/fr\/tesla-enchaine-les-mauvais-resultats-au-controle-technique-allemand\/","title":{"rendered":"Tesla encha\u00eene les mauvais r\u00e9sultats au contr\u00f4le technique allemand"},"content":{"rendered":"<div class=\"media_block\"><img decoding=\"async\" src=\"https:\/\/www.evearly.news\/fr\/wp-content\/uploads\/sites\/6\/2025\/11\/tesla-enchaine-les-mauvais-resultats-au-controle-technique-allemand.jpg\"><\/div>\n<p>Pour Tesla, les contre-performances deviennent une f\u00e2cheuse habitude dans le rapport publi\u00e9 chaque ann\u00e9e par le T\u00dcV, l&rsquo;organisme charg\u00e9 du contr\u00f4le technique en Allemagne. Apr\u00e8s la berline Model 3, c&rsquo;est au tour du SUV Model Y de se retrouver \u00e0 la derni\u00e8re place de ce palmar\u00e8s. Cela ne signifie pas forc\u00e9ment que les mod\u00e8les de la marque am\u00e9ricaine soient beaucoup moins fiables que les autres, ni que ces r\u00e9sultats puissent \u00eatre transpos\u00e9s \u00e0 la France. Mais l&rsquo;absence d&rsquo;entretien tant vant\u00e9e par le constructeur pourrait bien lui avoir jou\u00e9 des tours ici !\u00a0 <a href=https:\/\/www.automobile-magazine.fr\/voitures-electriques\/article\/50216-tesla-enchaine-les-mauvais-resultats-au-controle-technique-allemand target='bwindow'>Lire la suite&#8230;<\/a><\/p>\n","protected":false},"excerpt":{"rendered":"<div class=\"media_block\"><img decoding=\"async\" src=\"https:\/\/www.evearly.news\/fr\/wp-content\/uploads\/sites\/6\/2025\/11\/tesla-enchaine-les-mauvais-resultats-au-controle-technique-allemand.jpg\"><\/div>\n<p> <a class=\"continue-reading-link\" href=\"https:\/\/www.evearly.news\/fr\/tesla-enchaine-les-mauvais-resultats-au-controle-technique-allemand\/\"><\/a><\/p>\n","protected":false},"author":7,"featured_media":312693,"comment_status":"closed","ping_status":"open","sticky":false,"template":"Default","format":"standard","meta":{"footnotes":""},"categories":[7],"tags":[],"class_list":["post-312692","post","type-post","status-publish","format-standard","has-post-thumbnail","hentry","category-automobile-magazine"],"_links":{"self":[{"href":"https:\/\/www.evearly.news\/fr\/wp-json\/wp\/v2\/posts\/312692","targetHints":{"allow":["GET"]}}],"collection":[{"href":"https:\/\/www.evearly.news\/fr\/wp-json\/wp\/v2\/posts"}],"about":[{"href":"https:\/\/www.evearly.news\/fr\/wp-json\/wp\/v2\/types\/post"}],"author":[{"embeddable":true,"href":"https:\/\/www.evearly.news\/fr\/wp-json\/wp\/v2\/users\/7"}],"replies":[{"embeddable":true,"href":"https:\/\/www.evearly.news\/fr\/wp-json\/wp\/v2\/comments?post=312692"}],"version-history":[{"count":0,"href":"https:\/\/www.evearly.news\/fr\/wp-json\/wp\/v2\/posts\/312692\/revisions"}],"wp:featuredmedia":[{"embeddable":true,"href":"https:\/\/www.evearly.news\/fr\/wp-json\/wp\/v2\/media\/312693"}],"wp:attachment":[{"href":"https:\/\/www.evearly.news\/fr\/wp-json\/wp\/v2\/media?parent=312692"}],"wp:term":[{"taxonomy":"category","embeddable":true,"href":"https:\/\/www.evearly.news\/fr\/wp-json\/wp\/v2\/categories?post=312692"},{"taxonomy":"post_tag","embeddable":true,"href":"https:\/\/www.evearly.news\/fr\/wp-json\/wp\/v2\/tags?post=312692"}],"curies":[{"name":"wp","href":"https:\/\/api.w.org\/{rel}","templated":true}]}}