{"id":312758,"date":"2025-11-26T08:20:04","date_gmt":"2025-11-26T07:20:04","guid":{"rendered":"https:\/\/www.evearly.news\/fr\/futur-fiat-fastback-2026-le-retrait-prochain-de-ce-celebre-suv-francais-devrait-etre-une-aubaine-pour-la-carriere-de-litalien\/"},"modified":"2025-11-26T08:20:04","modified_gmt":"2025-11-26T07:20:04","slug":"futur-fiat-fastback-2026-le-retrait-prochain-de-ce-celebre-suv-francais-devrait-etre-une-aubaine-pour-la-carriere-de-litalien","status":"publish","type":"post","link":"https:\/\/www.evearly.news\/fr\/futur-fiat-fastback-2026-le-retrait-prochain-de-ce-celebre-suv-francais-devrait-etre-une-aubaine-pour-la-carriere-de-litalien\/","title":{"rendered":"Futur Fiat Fastback (2026) : le retrait prochain de ce c\u00e9l\u00e8bre SUV fran\u00e7ais devrait \u00eatre une aubaine pour la carri\u00e8re de l\u2019Italien"},"content":{"rendered":"<p><img decoding=\"async\" src=\"https:\/\/www.evearly.news\/fr\/wp-content\/uploads\/sites\/6\/2025\/11\/futur-fiat-fastback-2026-le-retrait-prochain-de-ce-celebre-suv-francais-devrait-etre-une-aubaine-pour-la-carriere-de-litalien.webp\" alt=\"auto-moto\"><br \/>Le nouveau Fiat Fastback, attendu dans les prochains mois, pourrait bien tirer profit de l\u2019arr\u00eat d\u00e9finitif de ce c\u00e9l\u00e8bre SUV coup\u00e9 tricolore. <a href=https:\/\/www.auto-moto.com\/suv\/futur-fiat-fastback-2026-le-retrait-prochain-de-ce-celebre-suv-francais-devrait-etre-une-aubaine-pour-la-carriere-de-litalien-66487 target=blank>Lire la suite&#8230;<\/a><\/p>\n","protected":false},"excerpt":{"rendered":"<p>Le nouveau Fiat Fastback, attendu dans les prochains mois, pourrait bien tirer profit de l\u2019arr\u00eat d\u00e9finitif de ce c\u00e9l\u00e8bre SUV coup\u00e9 tricolore&#8230;. <a class=\"continue-reading-link\" href=\"https:\/\/www.evearly.news\/fr\/futur-fiat-fastback-2026-le-retrait-prochain-de-ce-celebre-suv-francais-devrait-etre-une-aubaine-pour-la-carriere-de-litalien\/\"><\/a><\/p>\n","protected":false},"author":9,"featured_media":312759,"comment_status":"closed","ping_status":"open","sticky":false,"template":"Default","format":"standard","meta":{"footnotes":""},"categories":[10],"tags":[],"class_list":["post-312758","post","type-post","status-publish","format-standard","has-post-thumbnail","hentry","category-auto-moto-com"],"_links":{"self":[{"href":"https:\/\/www.evearly.news\/fr\/wp-json\/wp\/v2\/posts\/312758","targetHints":{"allow":["GET"]}}],"collection":[{"href":"https:\/\/www.evearly.news\/fr\/wp-json\/wp\/v2\/posts"}],"about":[{"href":"https:\/\/www.evearly.news\/fr\/wp-json\/wp\/v2\/types\/post"}],"author":[{"embeddable":true,"href":"https:\/\/www.evearly.news\/fr\/wp-json\/wp\/v2\/users\/9"}],"replies":[{"embeddable":true,"href":"https:\/\/www.evearly.news\/fr\/wp-json\/wp\/v2\/comments?post=312758"}],"version-history":[{"count":0,"href":"https:\/\/www.evearly.news\/fr\/wp-json\/wp\/v2\/posts\/312758\/revisions"}],"wp:featuredmedia":[{"embeddable":true,"href":"https:\/\/www.evearly.news\/fr\/wp-json\/wp\/v2\/media\/312759"}],"wp:attachment":[{"href":"https:\/\/www.evearly.news\/fr\/wp-json\/wp\/v2\/media?parent=312758"}],"wp:term":[{"taxonomy":"category","embeddable":true,"href":"https:\/\/www.evearly.news\/fr\/wp-json\/wp\/v2\/categories?post=312758"},{"taxonomy":"post_tag","embeddable":true,"href":"https:\/\/www.evearly.news\/fr\/wp-json\/wp\/v2\/tags?post=312758"}],"curies":[{"name":"wp","href":"https:\/\/api.w.org\/{rel}","templated":true}]}}