{"id":312762,"date":"2025-11-26T09:23:55","date_gmt":"2025-11-26T08:23:55","guid":{"rendered":"https:\/\/www.evearly.news\/fr\/tesla-prepare-larrivee-dune-nouvelle-model-y-encore-plus-pratique-en-europe\/"},"modified":"2025-11-26T09:23:55","modified_gmt":"2025-11-26T08:23:55","slug":"tesla-prepare-larrivee-dune-nouvelle-model-y-encore-plus-pratique-en-europe","status":"publish","type":"post","link":"https:\/\/www.evearly.news\/fr\/tesla-prepare-larrivee-dune-nouvelle-model-y-encore-plus-pratique-en-europe\/","title":{"rendered":"Tesla pr\u00e9pare l\u2019arriv\u00e9e d\u2019une nouvelle Model Y encore plus pratique en Europe"},"content":{"rendered":"<p><img width=\"1200\" height=\"675\" src=\"https:\/\/www.evearly.news\/fr\/wp-content\/uploads\/sites\/6\/2025\/11\/tesla-prepare-larrivee-dune-nouvelle-model-y-encore-plus-pratique-en-europe.jpg\" class=\"attachment-full size-full wp-post-image\" alt=\"\" decoding=\"async\" loading=\"lazy\" \/<br \/>\nApr\u00e8s l\u2019arriv\u00e9e de la version L \u00e0 six placesc en Chine, la gamme de la Tesla Model Y va bient\u00f4t s\u2019enrichir d\u2019une nouvelle d\u00e9clinaison en Europe pouvant accueillir sept personnes. Mais que sait-on d\u00e9j\u00e0 sur la voiture \u00e9lectrique familiale\u00a0?<br \/>\n <a href=https:\/\/www.frandroid.com\/marques\/tesla\/2885989_tesla-prepare-larrivee-dune-nouvelle-model-y-encore-plus-pratique-en-europe target='blank'>Lire la suite&#8230;<\/a><\/p>\n","protected":false},"excerpt":{"rendered":"<p>&lt;img width=&quot;1200&quot; height=&quot;675&quot; src=&quot;https:\/\/www.evearly.news\/fr\/wp-content\/uploads\/sites\/6\/2025\/11\/tesla-prepare-larrivee-dune-nouvelle-model-y-encore-plus-pratique-en-europe.jpg&quot; class=&quot;attachment-full size-full wp-post-image&quot; alt=&quot;&quot; decoding=&quot;async&quot; loading=&quot;lazy&quot; \/<br \/>\nApr\u00e8s l\u2019arriv\u00e9e de la version L \u00e0 six placesc en Chine, la gamme de la Tesla Model Y va bient\u00f4t s\u2019enrichir d\u2019une nouvelle d\u00e9clinaison en Europe pouvant accueillir sept personnes. Mais que sait-on d\u00e9j\u00e0 sur la voiture \u00e9lectrique familiale\u00a0?\n<\/p>\n<p> <a class=\"continue-reading-link\" href=\"https:\/\/www.evearly.news\/fr\/tesla-prepare-larrivee-dune-nouvelle-model-y-encore-plus-pratique-en-europe\/\"><\/a><\/p>\n","protected":false},"author":6,"featured_media":312763,"comment_status":"closed","ping_status":"open","sticky":false,"template":"Default","format":"standard","meta":{"footnotes":""},"categories":[14],"tags":[],"class_list":["post-312762","post","type-post","status-publish","format-standard","has-post-thumbnail","hentry","category-frandroid"],"_links":{"self":[{"href":"https:\/\/www.evearly.news\/fr\/wp-json\/wp\/v2\/posts\/312762","targetHints":{"allow":["GET"]}}],"collection":[{"href":"https:\/\/www.evearly.news\/fr\/wp-json\/wp\/v2\/posts"}],"about":[{"href":"https:\/\/www.evearly.news\/fr\/wp-json\/wp\/v2\/types\/post"}],"author":[{"embeddable":true,"href":"https:\/\/www.evearly.news\/fr\/wp-json\/wp\/v2\/users\/6"}],"replies":[{"embeddable":true,"href":"https:\/\/www.evearly.news\/fr\/wp-json\/wp\/v2\/comments?post=312762"}],"version-history":[{"count":0,"href":"https:\/\/www.evearly.news\/fr\/wp-json\/wp\/v2\/posts\/312762\/revisions"}],"wp:featuredmedia":[{"embeddable":true,"href":"https:\/\/www.evearly.news\/fr\/wp-json\/wp\/v2\/media\/312763"}],"wp:attachment":[{"href":"https:\/\/www.evearly.news\/fr\/wp-json\/wp\/v2\/media?parent=312762"}],"wp:term":[{"taxonomy":"category","embeddable":true,"href":"https:\/\/www.evearly.news\/fr\/wp-json\/wp\/v2\/categories?post=312762"},{"taxonomy":"post_tag","embeddable":true,"href":"https:\/\/www.evearly.news\/fr\/wp-json\/wp\/v2\/tags?post=312762"}],"curies":[{"name":"wp","href":"https:\/\/api.w.org\/{rel}","templated":true}]}}