{"id":312764,"date":"2025-11-26T10:05:07","date_gmt":"2025-11-26T09:05:07","guid":{"rendered":"https:\/\/www.evearly.news\/fr\/volkswagen-change-tout-ses-futurs-modeles-naitront-desormais-en-chine-a-moitie-prix\/"},"modified":"2025-11-26T10:05:07","modified_gmt":"2025-11-26T09:05:07","slug":"volkswagen-change-tout-ses-futurs-modeles-naitront-desormais-en-chine-a-moitie-prix","status":"publish","type":"post","link":"https:\/\/www.evearly.news\/fr\/volkswagen-change-tout-ses-futurs-modeles-naitront-desormais-en-chine-a-moitie-prix\/","title":{"rendered":"Volkswagen change tout\u00a0: ses futurs mod\u00e8les na\u00eetront d\u00e9sormais en Chine, \u00e0 moiti\u00e9 prix"},"content":{"rendered":"<p><img loading=\"lazy\" width=\"1920\" height=\"1280\" src=\"https:\/\/www.evearly.news\/fr\/wp-content\/uploads\/sites\/6\/2025\/11\/volkswagen-change-tout-ses-futurs-modeles-naitront-desormais-en-chine-a-moitie-prix.jpg\" class=\"attachment-full size-full wp-post-image\" alt=\"Volkswagen Bresil Exploitation\" decoding=\"async\" srcset=\"https:\/\/www.evearly.news\/fr\/wp-content\/uploads\/sites\/6\/2025\/11\/volkswagen-change-tout-ses-futurs-modeles-naitront-desormais-en-chine-a-moitie-prix.jpg 1920w, https:\/\/www.evearly.news\/fr\/wp-content\/uploads\/sites\/6\/2025\/11\/volkswagen-change-tout-ses-futurs-modeles-naitront-desormais-en-chine-a-moitie-prix-1.jpg 384w, https:\/\/www.evearly.news\/fr\/wp-content\/uploads\/sites\/6\/2025\/11\/volkswagen-change-tout-ses-futurs-modeles-naitront-desormais-en-chine-a-moitie-prix-2.jpg 880w, https:\/\/www.evearly.news\/fr\/wp-content\/uploads\/sites\/6\/2025\/11\/volkswagen-change-tout-ses-futurs-modeles-naitront-desormais-en-chine-a-moitie-prix-3.jpg 50w, https:\/\/www.evearly.news\/fr\/wp-content\/uploads\/sites\/6\/2025\/11\/volkswagen-change-tout-ses-futurs-modeles-naitront-desormais-en-chine-a-moitie-prix-4.jpg 640w, https:\/\/www.evearly.news\/fr\/wp-content\/uploads\/sites\/6\/2025\/11\/volkswagen-change-tout-ses-futurs-modeles-naitront-desormais-en-chine-a-moitie-prix-5.jpg 1280w, https:\/\/www.presse-citron.net\/app\/uploads\/2025\/09\/volkswagen-bresil-exploitation-1632x1088.jpg 1632w\" sizes=\"auto, (max-width: 1920px) 100vw, 1920px\"><\/p>\n<p>Le g\u00e9ant allemand plie bagage et s&rsquo;implante sur l&rsquo;un des continents o\u00f9 l&rsquo;industrie automobile \u00e9lectrique tourne vraiment \u00e0 plein r\u00e9gime. Quelle \u00e9trange co\u00efncidence !<a href=\"https:\/\/www.presse-citron.net\/volkswagen-change-tout-futurs-modeles-chine-moitie-prix\/\" target=blank> Lire la suite&#8230;<\/a><\/p>\n","protected":false},"excerpt":{"rendered":"<p>Le g\u00e9ant allemand plie bagage et s&rsquo;implante sur l&rsquo;un des continents o\u00f9 l&rsquo;industrie automobile \u00e9lectrique tourne vraiment \u00e0 plein r\u00e9gime. Quelle \u00e9trange co\u00efncidence !&#8230; <a class=\"continue-reading-link\" href=\"https:\/\/www.evearly.news\/fr\/volkswagen-change-tout-ses-futurs-modeles-naitront-desormais-en-chine-a-moitie-prix\/\"><\/a><\/p>\n","protected":false},"author":18,"featured_media":312765,"comment_status":"closed","ping_status":"open","sticky":false,"template":"Default","format":"standard","meta":{"footnotes":""},"categories":[19],"tags":[],"class_list":["post-312764","post","type-post","status-publish","format-standard","has-post-thumbnail","hentry","category-presse-citron"],"_links":{"self":[{"href":"https:\/\/www.evearly.news\/fr\/wp-json\/wp\/v2\/posts\/312764","targetHints":{"allow":["GET"]}}],"collection":[{"href":"https:\/\/www.evearly.news\/fr\/wp-json\/wp\/v2\/posts"}],"about":[{"href":"https:\/\/www.evearly.news\/fr\/wp-json\/wp\/v2\/types\/post"}],"author":[{"embeddable":true,"href":"https:\/\/www.evearly.news\/fr\/wp-json\/wp\/v2\/users\/18"}],"replies":[{"embeddable":true,"href":"https:\/\/www.evearly.news\/fr\/wp-json\/wp\/v2\/comments?post=312764"}],"version-history":[{"count":0,"href":"https:\/\/www.evearly.news\/fr\/wp-json\/wp\/v2\/posts\/312764\/revisions"}],"wp:featuredmedia":[{"embeddable":true,"href":"https:\/\/www.evearly.news\/fr\/wp-json\/wp\/v2\/media\/312765"}],"wp:attachment":[{"href":"https:\/\/www.evearly.news\/fr\/wp-json\/wp\/v2\/media?parent=312764"}],"wp:term":[{"taxonomy":"category","embeddable":true,"href":"https:\/\/www.evearly.news\/fr\/wp-json\/wp\/v2\/categories?post=312764"},{"taxonomy":"post_tag","embeddable":true,"href":"https:\/\/www.evearly.news\/fr\/wp-json\/wp\/v2\/tags?post=312764"}],"curies":[{"name":"wp","href":"https:\/\/api.w.org\/{rel}","templated":true}]}}