{"id":312768,"date":"2025-11-26T10:07:25","date_gmt":"2025-11-26T09:07:25","guid":{"rendered":"https:\/\/www.evearly.news\/fr\/la-mercedes-rivale-de-la-tesla-model-3-devient-plus-pratique-sur-2-points-essentiels-avec-cette-nouvelle-version-break-voici-ses-prix\/"},"modified":"2025-11-26T10:07:25","modified_gmt":"2025-11-26T09:07:25","slug":"la-mercedes-rivale-de-la-tesla-model-3-devient-plus-pratique-sur-2-points-essentiels-avec-cette-nouvelle-version-break-voici-ses-prix","status":"publish","type":"post","link":"https:\/\/www.evearly.news\/fr\/la-mercedes-rivale-de-la-tesla-model-3-devient-plus-pratique-sur-2-points-essentiels-avec-cette-nouvelle-version-break-voici-ses-prix\/","title":{"rendered":"La Mercedes rivale de la Tesla Model 3 devient plus pratique sur 2 points essentiels avec cette nouvelle version break : voici ses prix"},"content":{"rendered":"<p><img width=\"1200\" height=\"675\" src=\"https:\/\/www.evearly.news\/fr\/wp-content\/uploads\/sites\/6\/2025\/11\/la-mercedes-rivale-de-la-tesla-model-3-devient-plus-pratique-sur-2-points-essentiels-avec-cette-nouvelle-version-break-voici-ses-prix.jpg\" class=\"attachment-full size-full wp-post-image\" alt=\"\" decoding=\"async\" loading=\"lazy\" \/<br \/>\nApr\u00e8s la berline, Mercedes d\u00e9voile enfin le prix de sa nouvelle CLA Shooting Brake. La voiture \u00e9lectrique est affich\u00e9e \u00e0 partir de 55 700 euros et offre une autonomie d\u00e9passant les 750 kilom\u00e8tres WLTP.<br \/>\n <a href=https:\/\/www.frandroid.com\/marques\/mercedes-benz\/2885997_la-mercedes-rivale-de-la-tesla-model-3-devient-plus-pratique-sur-2-points-essentiels-avec-cette-nouvelle-version-break-voici-ses-prix target='blank'>Lire la suite&#8230;<\/a><\/p>\n","protected":false},"excerpt":{"rendered":"<p>&lt;img width=&quot;1200&quot; height=&quot;675&quot; src=&quot;https:\/\/www.evearly.news\/fr\/wp-content\/uploads\/sites\/6\/2025\/11\/la-mercedes-rivale-de-la-tesla-model-3-devient-plus-pratique-sur-2-points-essentiels-avec-cette-nouvelle-version-break-voici-ses-prix.jpg&quot; class=&quot;attachment-full size-full wp-post-image&quot; alt=&quot;&quot; decoding=&quot;async&quot; loading=&quot;lazy&quot; \/<br \/>\nApr\u00e8s la berline, Mercedes d\u00e9voile enfin le prix de sa nouvelle CLA Shooting Brake. La voiture \u00e9lectrique est affich\u00e9e \u00e0 partir de 55 700 euros et offre une autonomie d\u00e9passant les 750 kilom\u00e8tres WLTP.\n<\/p>\n<p> <a class=\"continue-reading-link\" href=\"https:\/\/www.evearly.news\/fr\/la-mercedes-rivale-de-la-tesla-model-3-devient-plus-pratique-sur-2-points-essentiels-avec-cette-nouvelle-version-break-voici-ses-prix\/\"><\/a><\/p>\n","protected":false},"author":6,"featured_media":312769,"comment_status":"closed","ping_status":"open","sticky":false,"template":"Default","format":"standard","meta":{"footnotes":""},"categories":[14],"tags":[],"class_list":["post-312768","post","type-post","status-publish","format-standard","has-post-thumbnail","hentry","category-frandroid"],"_links":{"self":[{"href":"https:\/\/www.evearly.news\/fr\/wp-json\/wp\/v2\/posts\/312768","targetHints":{"allow":["GET"]}}],"collection":[{"href":"https:\/\/www.evearly.news\/fr\/wp-json\/wp\/v2\/posts"}],"about":[{"href":"https:\/\/www.evearly.news\/fr\/wp-json\/wp\/v2\/types\/post"}],"author":[{"embeddable":true,"href":"https:\/\/www.evearly.news\/fr\/wp-json\/wp\/v2\/users\/6"}],"replies":[{"embeddable":true,"href":"https:\/\/www.evearly.news\/fr\/wp-json\/wp\/v2\/comments?post=312768"}],"version-history":[{"count":0,"href":"https:\/\/www.evearly.news\/fr\/wp-json\/wp\/v2\/posts\/312768\/revisions"}],"wp:featuredmedia":[{"embeddable":true,"href":"https:\/\/www.evearly.news\/fr\/wp-json\/wp\/v2\/media\/312769"}],"wp:attachment":[{"href":"https:\/\/www.evearly.news\/fr\/wp-json\/wp\/v2\/media?parent=312768"}],"wp:term":[{"taxonomy":"category","embeddable":true,"href":"https:\/\/www.evearly.news\/fr\/wp-json\/wp\/v2\/categories?post=312768"},{"taxonomy":"post_tag","embeddable":true,"href":"https:\/\/www.evearly.news\/fr\/wp-json\/wp\/v2\/tags?post=312768"}],"curies":[{"name":"wp","href":"https:\/\/api.w.org\/{rel}","templated":true}]}}