{"id":312770,"date":"2025-11-26T10:22:31","date_gmt":"2025-11-26T09:22:31","guid":{"rendered":"https:\/\/www.evearly.news\/fr\/renault-travaille-bien-sur-cette-alternative-au-moteur-100-electrique\/"},"modified":"2025-11-26T10:22:31","modified_gmt":"2025-11-26T09:22:31","slug":"renault-travaille-bien-sur-cette-alternative-au-moteur-100-electrique","status":"publish","type":"post","link":"https:\/\/www.evearly.news\/fr\/renault-travaille-bien-sur-cette-alternative-au-moteur-100-electrique\/","title":{"rendered":"Renault travaille bien sur cette alternative au moteur 100 % \u00e9lectrique"},"content":{"rendered":"<p><img decoding=\"async\" width=\"500\" height=\"333\" src=\"https:\/\/www.evearly.news\/fr\/wp-content\/uploads\/sites\/6\/2025\/11\/renault-travaille-bien-sur-cette-alternative-au-moteur-100-electrique.jpg\" class=\"attachment-1200x800 size-1200x800 wp-post-image\" alt=\"\" loading=\"lazy\" srcset=\"https:\/\/www.evearly.news\/fr\/wp-content\/uploads\/sites\/6\/2025\/11\/renault-travaille-bien-sur-cette-alternative-au-moteur-100-electrique.jpg 1500w, https:\/\/www.evearly.news\/fr\/wp-content\/uploads\/sites\/6\/2025\/11\/renault-travaille-bien-sur-cette-alternative-au-moteur-100-electrique-1.jpg 1024w, https:\/\/www.evearly.news\/fr\/wp-content\/uploads\/sites\/6\/2025\/11\/renault-travaille-bien-sur-cette-alternative-au-moteur-100-electrique-2.jpg 768w, https:\/\/cdn.automobile-propre.com\/uploads\/2024\/10\/R-DAM_1599607-620x349.jpg 620w\" sizes=\"auto, (max-width: 1200px) 100vw, 1200px\" \/><br \/>\nFran\u00e7ois Provost a confirm\u00e9 que la piste de mod\u00e8les \u00e0 prolongateur d&rsquo;autonomie \u00e9tait \u00e9tudi\u00e9e pour le groupe Renault. Mais la\u2026\u00a0<a href=https:\/\/www.automobile-propre.com\/articles\/renault-travaille-bien-sur-cette-alternative-au-moteur-100-electrique\/ target='bwindow'>Lire la suite&#8230;<\/a><\/p>\n","protected":false},"excerpt":{"rendered":"<p>&#8230; <a class=\"continue-reading-link\" href=\"https:\/\/www.evearly.news\/fr\/renault-travaille-bien-sur-cette-alternative-au-moteur-100-electrique\/\"><\/a><\/p>\n","protected":false},"author":8,"featured_media":312771,"comment_status":"closed","ping_status":"open","sticky":false,"template":"Default","format":"standard","meta":{"footnotes":""},"categories":[8],"tags":[],"class_list":["post-312770","post","type-post","status-publish","format-standard","has-post-thumbnail","hentry","category-automobile-propre"],"_links":{"self":[{"href":"https:\/\/www.evearly.news\/fr\/wp-json\/wp\/v2\/posts\/312770","targetHints":{"allow":["GET"]}}],"collection":[{"href":"https:\/\/www.evearly.news\/fr\/wp-json\/wp\/v2\/posts"}],"about":[{"href":"https:\/\/www.evearly.news\/fr\/wp-json\/wp\/v2\/types\/post"}],"author":[{"embeddable":true,"href":"https:\/\/www.evearly.news\/fr\/wp-json\/wp\/v2\/users\/8"}],"replies":[{"embeddable":true,"href":"https:\/\/www.evearly.news\/fr\/wp-json\/wp\/v2\/comments?post=312770"}],"version-history":[{"count":0,"href":"https:\/\/www.evearly.news\/fr\/wp-json\/wp\/v2\/posts\/312770\/revisions"}],"wp:featuredmedia":[{"embeddable":true,"href":"https:\/\/www.evearly.news\/fr\/wp-json\/wp\/v2\/media\/312771"}],"wp:attachment":[{"href":"https:\/\/www.evearly.news\/fr\/wp-json\/wp\/v2\/media?parent=312770"}],"wp:term":[{"taxonomy":"category","embeddable":true,"href":"https:\/\/www.evearly.news\/fr\/wp-json\/wp\/v2\/categories?post=312770"},{"taxonomy":"post_tag","embeddable":true,"href":"https:\/\/www.evearly.news\/fr\/wp-json\/wp\/v2\/tags?post=312770"}],"curies":[{"name":"wp","href":"https:\/\/api.w.org\/{rel}","templated":true}]}}