{"id":312780,"date":"2025-11-26T12:02:47","date_gmt":"2025-11-26T11:02:47","guid":{"rendered":"https:\/\/www.evearly.news\/fr\/pres-de-6000-euros-daide-le-bonus-pour-voiture-electrique-va-bondir-en-france-annonce-le-gouvernement\/"},"modified":"2025-11-26T12:02:47","modified_gmt":"2025-11-26T11:02:47","slug":"pres-de-6000-euros-daide-le-bonus-pour-voiture-electrique-va-bondir-en-france-annonce-le-gouvernement","status":"publish","type":"post","link":"https:\/\/www.evearly.news\/fr\/pres-de-6000-euros-daide-le-bonus-pour-voiture-electrique-va-bondir-en-france-annonce-le-gouvernement\/","title":{"rendered":"\u00ab\u00a0Pr\u00e8s de 6000 euros d\u2019aide\u00a0\u00bb : le bonus pour voiture \u00e9lectrique va bondir en France, annonce le gouvernement"},"content":{"rendered":"<p><img loading=\"lazy\" width=\"1920\" height=\"1280\" src=\"https:\/\/www.evearly.news\/fr\/wp-content\/uploads\/sites\/6\/2025\/11\/pres-de-6000-euros-daide-le-bonus-pour-voiture-electrique-va-bondir-en-france-annonce-le-gouvernement.jpg\" class=\"attachment-full size-full wp-post-image\" alt=\"Voiture Electrique\" decoding=\"async\" srcset=\"https:\/\/www.evearly.news\/fr\/wp-content\/uploads\/sites\/6\/2025\/11\/pres-de-6000-euros-daide-le-bonus-pour-voiture-electrique-va-bondir-en-france-annonce-le-gouvernement.jpg 1920w, https:\/\/www.evearly.news\/fr\/wp-content\/uploads\/sites\/6\/2025\/11\/pres-de-6000-euros-daide-le-bonus-pour-voiture-electrique-va-bondir-en-france-annonce-le-gouvernement-1.jpg 384w, https:\/\/www.evearly.news\/fr\/wp-content\/uploads\/sites\/6\/2025\/11\/pres-de-6000-euros-daide-le-bonus-pour-voiture-electrique-va-bondir-en-france-annonce-le-gouvernement-2.jpg 880w, https:\/\/www.evearly.news\/fr\/wp-content\/uploads\/sites\/6\/2025\/11\/pres-de-6000-euros-daide-le-bonus-pour-voiture-electrique-va-bondir-en-france-annonce-le-gouvernement-3.jpg 50w, https:\/\/www.evearly.news\/fr\/wp-content\/uploads\/sites\/6\/2025\/11\/pres-de-6000-euros-daide-le-bonus-pour-voiture-electrique-va-bondir-en-france-annonce-le-gouvernement-4.jpg 640w, https:\/\/www.evearly.news\/fr\/wp-content\/uploads\/sites\/6\/2025\/11\/pres-de-6000-euros-daide-le-bonus-pour-voiture-electrique-va-bondir-en-france-annonce-le-gouvernement-5.jpg 1280w, https:\/\/www.presse-citron.net\/app\/uploads\/2025\/11\/voiture-electrique-1632x1088.jpg 1632w\" sizes=\"auto, (max-width: 1920px) 100vw, 1920px\"><\/p>\n<p>Coup de th\u00e9\u00e2tre pour les futurs acheteurs de voitures \u00e9lectriques. Alors que le syst\u00e8me d\u2019aides avait d\u00e9j\u00e0 \u00e9t\u00e9 enti\u00e8rement remani\u00e9 cet \u00e9t\u00e9, le ministre de l\u2019\u00c9conomie, Roland Lescure, vient d\u2019annoncer une nouvelle revalorisation du bonus. D\u00e8s 2026, la prime pourrait atteindre les 5 700 euros.<a href=\"https:\/\/www.presse-citron.net\/6000-euros-aide-bonus-voiture-electrique-bondir-france-annonce-gouvernement\/\" target=blank> Lire la suite&#8230;<\/a><\/p>\n","protected":false},"excerpt":{"rendered":"<p>Coup de th\u00e9\u00e2tre pour les futurs acheteurs de voitures \u00e9lectriques. Alors que le syst\u00e8me d\u2019aides avait d\u00e9j\u00e0 \u00e9t\u00e9 enti\u00e8rement remani\u00e9 cet \u00e9t\u00e9, le ministre de l\u2019\u00c9conomie, Roland Lescure, vient d\u2019annoncer une nouvelle revalorisation du bonus. D\u00e8s 2026, la prime pourrait atteindre les 5 700 euros&#8230;. <a class=\"continue-reading-link\" href=\"https:\/\/www.evearly.news\/fr\/pres-de-6000-euros-daide-le-bonus-pour-voiture-electrique-va-bondir-en-france-annonce-le-gouvernement\/\"><\/a><\/p>\n","protected":false},"author":18,"featured_media":312781,"comment_status":"closed","ping_status":"open","sticky":false,"template":"Default","format":"standard","meta":{"footnotes":""},"categories":[19],"tags":[],"class_list":["post-312780","post","type-post","status-publish","format-standard","has-post-thumbnail","hentry","category-presse-citron"],"_links":{"self":[{"href":"https:\/\/www.evearly.news\/fr\/wp-json\/wp\/v2\/posts\/312780","targetHints":{"allow":["GET"]}}],"collection":[{"href":"https:\/\/www.evearly.news\/fr\/wp-json\/wp\/v2\/posts"}],"about":[{"href":"https:\/\/www.evearly.news\/fr\/wp-json\/wp\/v2\/types\/post"}],"author":[{"embeddable":true,"href":"https:\/\/www.evearly.news\/fr\/wp-json\/wp\/v2\/users\/18"}],"replies":[{"embeddable":true,"href":"https:\/\/www.evearly.news\/fr\/wp-json\/wp\/v2\/comments?post=312780"}],"version-history":[{"count":0,"href":"https:\/\/www.evearly.news\/fr\/wp-json\/wp\/v2\/posts\/312780\/revisions"}],"wp:featuredmedia":[{"embeddable":true,"href":"https:\/\/www.evearly.news\/fr\/wp-json\/wp\/v2\/media\/312781"}],"wp:attachment":[{"href":"https:\/\/www.evearly.news\/fr\/wp-json\/wp\/v2\/media?parent=312780"}],"wp:term":[{"taxonomy":"category","embeddable":true,"href":"https:\/\/www.evearly.news\/fr\/wp-json\/wp\/v2\/categories?post=312780"},{"taxonomy":"post_tag","embeddable":true,"href":"https:\/\/www.evearly.news\/fr\/wp-json\/wp\/v2\/tags?post=312780"}],"curies":[{"name":"wp","href":"https:\/\/api.w.org\/{rel}","templated":true}]}}