{"id":312784,"date":"2025-11-26T12:07:30","date_gmt":"2025-11-26T11:07:30","guid":{"rendered":"https:\/\/www.evearly.news\/fr\/forcer-le-passage-ne-fonctionne-pas-le-patron-de-bmw-france-critique-lecheance-2035-pour-la-fin-de-la-voiture-thermique\/"},"modified":"2025-11-26T12:07:30","modified_gmt":"2025-11-26T11:07:30","slug":"forcer-le-passage-ne-fonctionne-pas-le-patron-de-bmw-france-critique-lecheance-2035-pour-la-fin-de-la-voiture-thermique","status":"publish","type":"post","link":"https:\/\/www.evearly.news\/fr\/forcer-le-passage-ne-fonctionne-pas-le-patron-de-bmw-france-critique-lecheance-2035-pour-la-fin-de-la-voiture-thermique\/","title":{"rendered":"\u00ab Forcer le passage ne fonctionne pas \u00bb : le patron de BMW France critique l\u2019\u00e9ch\u00e9ance 2035 pour la fin de la voiture thermique"},"content":{"rendered":"<p><img loading=\"lazy\" width=\"1200\" height=\"675\" src=\"https:\/\/www.evearly.news\/fr\/wp-content\/uploads\/sites\/6\/2025\/11\/forcer-le-passage-ne-fonctionne-pas-le-patron-de-bmw-france-critique-lecheance-2035-pour-la-fin-de-la-voiture-thermique.jpg\" class=\"attachment-full size-full wp-post-image\" alt=\"\" decoding=\"async\" \/<br \/>\nOn s&rsquo;attendait \u00e0 un combat de coqs, on a eu une alliance de circonstance. D&rsquo;un c\u00f4t\u00e9, Vincent Salimon, patron de BMW France. De l&rsquo;autre, Pierre Chasseray, de l&rsquo;association 40 millions d&rsquo;automobilistes. Face \u00e0 l&rsquo;\u00e9ch\u00e9ance de 2035, ils dressent le m\u00eame constat brutal : \u00ab On va droit dans le mur \u00bb.<br \/>\n <a href=https:\/\/www.frandroid.com\/survoltes\/voitures-electriques\/2886139_forcer-le-passage-ne-fonctionne-pas-le-patron-de-bmw-france-critique-lecheance-2035-pour-la-fin-de-la-voiture-thermique target='blank'>Lire la suite&#8230;<\/a><\/p>\n","protected":false},"excerpt":{"rendered":"<p>&lt;img width=&quot;1200&quot; height=&quot;675&quot; src=&quot;https:\/\/www.evearly.news\/fr\/wp-content\/uploads\/sites\/6\/2025\/11\/forcer-le-passage-ne-fonctionne-pas-le-patron-de-bmw-france-critique-lecheance-2035-pour-la-fin-de-la-voiture-thermique.jpg&quot; class=&quot;attachment-full size-full wp-post-image&quot; alt=&quot;&quot; decoding=&quot;async&quot; \/<br \/>\nOn s&rsquo;attendait \u00e0 un combat de coqs, on a eu une alliance de circonstance. D&rsquo;un c\u00f4t\u00e9, Vincent Salimon, patron de BMW France. De l&rsquo;autre, Pierre Chasseray, de l&rsquo;association 40 millions d&rsquo;automobilistes. Face \u00e0 l&rsquo;\u00e9ch\u00e9ance de 2035, ils dressent le m\u00eame constat brutal : \u00ab On va droit dans le mur \u00bb.\n<\/p>\n<p> <a class=\"continue-reading-link\" href=\"https:\/\/www.evearly.news\/fr\/forcer-le-passage-ne-fonctionne-pas-le-patron-de-bmw-france-critique-lecheance-2035-pour-la-fin-de-la-voiture-thermique\/\"><\/a><\/p>\n","protected":false},"author":6,"featured_media":312785,"comment_status":"closed","ping_status":"open","sticky":false,"template":"Default","format":"standard","meta":{"footnotes":""},"categories":[14],"tags":[],"class_list":["post-312784","post","type-post","status-publish","format-standard","has-post-thumbnail","hentry","category-frandroid"],"_links":{"self":[{"href":"https:\/\/www.evearly.news\/fr\/wp-json\/wp\/v2\/posts\/312784","targetHints":{"allow":["GET"]}}],"collection":[{"href":"https:\/\/www.evearly.news\/fr\/wp-json\/wp\/v2\/posts"}],"about":[{"href":"https:\/\/www.evearly.news\/fr\/wp-json\/wp\/v2\/types\/post"}],"author":[{"embeddable":true,"href":"https:\/\/www.evearly.news\/fr\/wp-json\/wp\/v2\/users\/6"}],"replies":[{"embeddable":true,"href":"https:\/\/www.evearly.news\/fr\/wp-json\/wp\/v2\/comments?post=312784"}],"version-history":[{"count":0,"href":"https:\/\/www.evearly.news\/fr\/wp-json\/wp\/v2\/posts\/312784\/revisions"}],"wp:featuredmedia":[{"embeddable":true,"href":"https:\/\/www.evearly.news\/fr\/wp-json\/wp\/v2\/media\/312785"}],"wp:attachment":[{"href":"https:\/\/www.evearly.news\/fr\/wp-json\/wp\/v2\/media?parent=312784"}],"wp:term":[{"taxonomy":"category","embeddable":true,"href":"https:\/\/www.evearly.news\/fr\/wp-json\/wp\/v2\/categories?post=312784"},{"taxonomy":"post_tag","embeddable":true,"href":"https:\/\/www.evearly.news\/fr\/wp-json\/wp\/v2\/tags?post=312784"}],"curies":[{"name":"wp","href":"https:\/\/api.w.org\/{rel}","templated":true}]}}