{"id":312786,"date":"2025-11-26T12:08:03","date_gmt":"2025-11-26T11:08:03","guid":{"rendered":"https:\/\/www.evearly.news\/fr\/ils-ont-des-annees-davance-sur-nous-2-000-travailleurs-chinois-arrivent-en-espagne-pour-demarrer-le-chantier-de-lusine-de-batterie-de-voitures-electriques\/"},"modified":"2025-11-26T12:08:03","modified_gmt":"2025-11-26T11:08:03","slug":"ils-ont-des-annees-davance-sur-nous-2-000-travailleurs-chinois-arrivent-en-espagne-pour-demarrer-le-chantier-de-lusine-de-batterie-de-voitures-electriques","status":"publish","type":"post","link":"https:\/\/www.evearly.news\/fr\/ils-ont-des-annees-davance-sur-nous-2-000-travailleurs-chinois-arrivent-en-espagne-pour-demarrer-le-chantier-de-lusine-de-batterie-de-voitures-electriques\/","title":{"rendered":"\u00ab Ils ont des ann\u00e9es d\u2019avance sur nous \u00bb : 2 000 travailleurs chinois arrivent en Espagne pour d\u00e9marrer le chantier de l\u2019usine de batterie de voitures \u00e9lectriques"},"content":{"rendered":"<p><img width=\"1200\" height=\"675\" src=\"https:\/\/www.evearly.news\/fr\/wp-content\/uploads\/sites\/6\/2025\/11\/ils-ont-des-annees-davance-sur-nous-2-000-travailleurs-chinois-arrivent-en-espagne-pour-demarrer-le-chantier-de-lusine-de-batterie-de-voitures-electriques.jpg\" class=\"attachment-full size-full wp-post-image\" alt=\"\" decoding=\"async\" loading=\"lazy\" \/<br \/>\nL&rsquo;usine espagnole de Stellantis et CATL, le leader mondial des batteries pour voitures \u00e9lectriques, vient d&rsquo;entamer sa construction. Le chantier sera majoritairement effectu\u00e9 par de la main-d&rsquo;\u0153uvre chinoise.<br \/>\n <a href=https:\/\/www.frandroid.com\/survoltes\/voitures-electriques\/2886281_ils-ont-des-annees-davance-sur-nous-2-000-travailleurs-chinois-arrivent-en-espagne-pour-demarrer-le-chantier-de-lusine-de-batterie-de-voitures-electriques target='blank'>Lire la suite&#8230;<\/a><\/p>\n","protected":false},"excerpt":{"rendered":"<p>&lt;img width=&quot;1200&quot; height=&quot;675&quot; src=&quot;https:\/\/www.evearly.news\/fr\/wp-content\/uploads\/sites\/6\/2025\/11\/ils-ont-des-annees-davance-sur-nous-2-000-travailleurs-chinois-arrivent-en-espagne-pour-demarrer-le-chantier-de-lusine-de-batterie-de-voitures-electriques.jpg&quot; class=&quot;attachment-full size-full wp-post-image&quot; alt=&quot;&quot; decoding=&quot;async&quot; loading=&quot;lazy&quot; \/<br \/>\nL&rsquo;usine espagnole de Stellantis et CATL, le leader mondial des batteries pour voitures \u00e9lectriques, vient d&rsquo;entamer sa construction. Le chantier sera majoritairement effectu\u00e9 par de la main-d&rsquo;\u0153uvre chinoise.\n<\/p>\n<p> <a class=\"continue-reading-link\" href=\"https:\/\/www.evearly.news\/fr\/ils-ont-des-annees-davance-sur-nous-2-000-travailleurs-chinois-arrivent-en-espagne-pour-demarrer-le-chantier-de-lusine-de-batterie-de-voitures-electriques\/\"><\/a><\/p>\n","protected":false},"author":6,"featured_media":312787,"comment_status":"closed","ping_status":"open","sticky":false,"template":"Default","format":"standard","meta":{"footnotes":""},"categories":[14],"tags":[],"class_list":["post-312786","post","type-post","status-publish","format-standard","has-post-thumbnail","hentry","category-frandroid"],"_links":{"self":[{"href":"https:\/\/www.evearly.news\/fr\/wp-json\/wp\/v2\/posts\/312786","targetHints":{"allow":["GET"]}}],"collection":[{"href":"https:\/\/www.evearly.news\/fr\/wp-json\/wp\/v2\/posts"}],"about":[{"href":"https:\/\/www.evearly.news\/fr\/wp-json\/wp\/v2\/types\/post"}],"author":[{"embeddable":true,"href":"https:\/\/www.evearly.news\/fr\/wp-json\/wp\/v2\/users\/6"}],"replies":[{"embeddable":true,"href":"https:\/\/www.evearly.news\/fr\/wp-json\/wp\/v2\/comments?post=312786"}],"version-history":[{"count":0,"href":"https:\/\/www.evearly.news\/fr\/wp-json\/wp\/v2\/posts\/312786\/revisions"}],"wp:featuredmedia":[{"embeddable":true,"href":"https:\/\/www.evearly.news\/fr\/wp-json\/wp\/v2\/media\/312787"}],"wp:attachment":[{"href":"https:\/\/www.evearly.news\/fr\/wp-json\/wp\/v2\/media?parent=312786"}],"wp:term":[{"taxonomy":"category","embeddable":true,"href":"https:\/\/www.evearly.news\/fr\/wp-json\/wp\/v2\/categories?post=312786"},{"taxonomy":"post_tag","embeddable":true,"href":"https:\/\/www.evearly.news\/fr\/wp-json\/wp\/v2\/tags?post=312786"}],"curies":[{"name":"wp","href":"https:\/\/api.w.org\/{rel}","templated":true}]}}