{"id":312796,"date":"2025-11-26T13:05:26","date_gmt":"2025-11-26T12:05:26","guid":{"rendered":"https:\/\/www.evearly.news\/fr\/nouveau-mercedes-cla-shooting-brake-tous-les-prix-finitions-et-equipements\/"},"modified":"2025-11-26T13:05:26","modified_gmt":"2025-11-26T12:05:26","slug":"nouveau-mercedes-cla-shooting-brake-tous-les-prix-finitions-et-equipements","status":"publish","type":"post","link":"https:\/\/www.evearly.news\/fr\/nouveau-mercedes-cla-shooting-brake-tous-les-prix-finitions-et-equipements\/","title":{"rendered":"Nouveau Mercedes CLA Shooting Brake : tous les prix, finitions et \u00e9quipements"},"content":{"rendered":"<div class=\"media_block\"><img decoding=\"async\" src=\"https:\/\/www.evearly.news\/fr\/wp-content\/uploads\/sites\/6\/2025\/11\/nouveau-mercedes-cla-shooting-brake-tous-les-prix-finitions-et-equipements.jpg\"><\/div>\n<p>Apr\u00e8s la berline, Mercedes-Benz ouvre les commandes de la d\u00e9clinaison break de son CLA. Deux versions 100% \u00e9lectriques seront disponibles au lancement, en propulsion et en 4 roues motrices misant sur une autonomie confortable et une rapidit\u00e9 de recharge. Les marques concurrente Audi et BMW ne sont pas, pour l\u2019instant, en mesure de r\u00e9pliquer. L&rsquo;\u00e9toile compte bien en tirer profit ! <a href=https:\/\/www.automobile-magazine.fr\/voitures-electriques\/article\/50242-nouveau-mercedes-cla-shooting-brake-tous-les-prix-finitions-et-equipements target='bwindow'>Lire la suite&#8230;<\/a><\/p>\n","protected":false},"excerpt":{"rendered":"<div class=\"media_block\"><img decoding=\"async\" src=\"https:\/\/www.evearly.news\/fr\/wp-content\/uploads\/sites\/6\/2025\/11\/nouveau-mercedes-cla-shooting-brake-tous-les-prix-finitions-et-equipements.jpg\"><\/div>\n<p> <a class=\"continue-reading-link\" href=\"https:\/\/www.evearly.news\/fr\/nouveau-mercedes-cla-shooting-brake-tous-les-prix-finitions-et-equipements\/\"><\/a><\/p>\n","protected":false},"author":7,"featured_media":312797,"comment_status":"closed","ping_status":"open","sticky":false,"template":"Default","format":"standard","meta":{"footnotes":""},"categories":[7],"tags":[],"class_list":["post-312796","post","type-post","status-publish","format-standard","has-post-thumbnail","hentry","category-automobile-magazine"],"_links":{"self":[{"href":"https:\/\/www.evearly.news\/fr\/wp-json\/wp\/v2\/posts\/312796","targetHints":{"allow":["GET"]}}],"collection":[{"href":"https:\/\/www.evearly.news\/fr\/wp-json\/wp\/v2\/posts"}],"about":[{"href":"https:\/\/www.evearly.news\/fr\/wp-json\/wp\/v2\/types\/post"}],"author":[{"embeddable":true,"href":"https:\/\/www.evearly.news\/fr\/wp-json\/wp\/v2\/users\/7"}],"replies":[{"embeddable":true,"href":"https:\/\/www.evearly.news\/fr\/wp-json\/wp\/v2\/comments?post=312796"}],"version-history":[{"count":0,"href":"https:\/\/www.evearly.news\/fr\/wp-json\/wp\/v2\/posts\/312796\/revisions"}],"wp:featuredmedia":[{"embeddable":true,"href":"https:\/\/www.evearly.news\/fr\/wp-json\/wp\/v2\/media\/312797"}],"wp:attachment":[{"href":"https:\/\/www.evearly.news\/fr\/wp-json\/wp\/v2\/media?parent=312796"}],"wp:term":[{"taxonomy":"category","embeddable":true,"href":"https:\/\/www.evearly.news\/fr\/wp-json\/wp\/v2\/categories?post=312796"},{"taxonomy":"post_tag","embeddable":true,"href":"https:\/\/www.evearly.news\/fr\/wp-json\/wp\/v2\/tags?post=312796"}],"curies":[{"name":"wp","href":"https:\/\/api.w.org\/{rel}","templated":true}]}}