{"id":312802,"date":"2025-11-26T14:53:49","date_gmt":"2025-11-26T13:53:49","guid":{"rendered":"https:\/\/www.evearly.news\/fr\/tesla-recadre-apres-avoir-annonce-le-lancement-de-la-conduite-autonome-fsd-en-europe\/"},"modified":"2025-11-26T14:53:49","modified_gmt":"2025-11-26T13:53:49","slug":"tesla-recadre-apres-avoir-annonce-le-lancement-de-la-conduite-autonome-fsd-en-europe","status":"publish","type":"post","link":"https:\/\/www.evearly.news\/fr\/tesla-recadre-apres-avoir-annonce-le-lancement-de-la-conduite-autonome-fsd-en-europe\/","title":{"rendered":"Tesla recadr\u00e9 apr\u00e8s avoir annonc\u00e9 le lancement de la conduite autonome FSD en Europe"},"content":{"rendered":"<p><img decoding=\"async\" width=\"500\" height=\"333\" src=\"https:\/\/www.evearly.news\/fr\/wp-content\/uploads\/sites\/6\/2025\/11\/tesla-recadre-apres-avoir-annonce-le-lancement-de-la-conduite-autonome-fsd-en-europe.jpg\" class=\"attachment-1200x800 size-1200x800 wp-post-image\" alt=\"\" loading=\"lazy\" srcset=\"https:\/\/www.evearly.news\/fr\/wp-content\/uploads\/sites\/6\/2025\/11\/tesla-recadre-apres-avoir-annonce-le-lancement-de-la-conduite-autonome-fsd-en-europe.jpg 1920w, https:\/\/www.evearly.news\/fr\/wp-content\/uploads\/sites\/6\/2025\/11\/tesla-recadre-apres-avoir-annonce-le-lancement-de-la-conduite-autonome-fsd-en-europe-1.jpg 1640w, https:\/\/www.evearly.news\/fr\/wp-content\/uploads\/sites\/6\/2025\/11\/tesla-recadre-apres-avoir-annonce-le-lancement-de-la-conduite-autonome-fsd-en-europe-2.jpg 1024w, https:\/\/www.evearly.news\/fr\/wp-content\/uploads\/sites\/6\/2025\/11\/tesla-recadre-apres-avoir-annonce-le-lancement-de-la-conduite-autonome-fsd-en-europe-3.jpg 768w, https:\/\/www.evearly.news\/fr\/wp-content\/uploads\/sites\/6\/2025\/11\/tesla-recadre-apres-avoir-annonce-le-lancement-de-la-conduite-autonome-fsd-en-europe-4.jpg 1536w, https:\/\/cdn.automobile-propre.com\/uploads\/2024\/01\/tesla-fsd-v12-620x349.jpg 620w\" sizes=\"auto, (max-width: 1200px) 100vw, 1200px\" \/><br \/>\nC&rsquo;est officiel ! Tesla vient enfin d&rsquo;annoncer une date pour l&rsquo;homologation du FSD en Europe. Mais il y a un\u2026\u00a0<a href=https:\/\/www.automobile-propre.com\/articles\/nous-savons-enfin-a-quelle-date-la-conduite-autonome-de-tesla-sera-deployee-en-europe-cest-bientot-mais\/ target='bwindow'>Lire la suite&#8230;<\/a><\/p>\n","protected":false},"excerpt":{"rendered":"<p>&#8230; <a class=\"continue-reading-link\" href=\"https:\/\/www.evearly.news\/fr\/tesla-recadre-apres-avoir-annonce-le-lancement-de-la-conduite-autonome-fsd-en-europe\/\"><\/a><\/p>\n","protected":false},"author":8,"featured_media":312803,"comment_status":"closed","ping_status":"open","sticky":false,"template":"Default","format":"standard","meta":{"footnotes":""},"categories":[8],"tags":[],"class_list":["post-312802","post","type-post","status-publish","format-standard","has-post-thumbnail","hentry","category-automobile-propre"],"_links":{"self":[{"href":"https:\/\/www.evearly.news\/fr\/wp-json\/wp\/v2\/posts\/312802","targetHints":{"allow":["GET"]}}],"collection":[{"href":"https:\/\/www.evearly.news\/fr\/wp-json\/wp\/v2\/posts"}],"about":[{"href":"https:\/\/www.evearly.news\/fr\/wp-json\/wp\/v2\/types\/post"}],"author":[{"embeddable":true,"href":"https:\/\/www.evearly.news\/fr\/wp-json\/wp\/v2\/users\/8"}],"replies":[{"embeddable":true,"href":"https:\/\/www.evearly.news\/fr\/wp-json\/wp\/v2\/comments?post=312802"}],"version-history":[{"count":0,"href":"https:\/\/www.evearly.news\/fr\/wp-json\/wp\/v2\/posts\/312802\/revisions"}],"wp:featuredmedia":[{"embeddable":true,"href":"https:\/\/www.evearly.news\/fr\/wp-json\/wp\/v2\/media\/312803"}],"wp:attachment":[{"href":"https:\/\/www.evearly.news\/fr\/wp-json\/wp\/v2\/media?parent=312802"}],"wp:term":[{"taxonomy":"category","embeddable":true,"href":"https:\/\/www.evearly.news\/fr\/wp-json\/wp\/v2\/categories?post=312802"},{"taxonomy":"post_tag","embeddable":true,"href":"https:\/\/www.evearly.news\/fr\/wp-json\/wp\/v2\/tags?post=312802"}],"curies":[{"name":"wp","href":"https:\/\/api.w.org\/{rel}","templated":true}]}}