{"id":312808,"date":"2025-11-26T15:20:59","date_gmt":"2025-11-26T14:20:59","guid":{"rendered":"https:\/\/www.evearly.news\/fr\/les-clients-attendent-plus-renault-devrait-augmenter-lautonomie-des-r4-et-r5-electriques\/"},"modified":"2025-11-26T15:20:59","modified_gmt":"2025-11-26T14:20:59","slug":"les-clients-attendent-plus-renault-devrait-augmenter-lautonomie-des-r4-et-r5-electriques","status":"publish","type":"post","link":"https:\/\/www.evearly.news\/fr\/les-clients-attendent-plus-renault-devrait-augmenter-lautonomie-des-r4-et-r5-electriques\/","title":{"rendered":"\u00ab\u00a0Les clients attendent plus\u00a0\u00bb : Renault devrait augmenter l\u2019autonomie des R4 et R5 \u00e9lectriques"},"content":{"rendered":"<p><img loading=\"lazy\" width=\"1200\" height=\"675\" src=\"https:\/\/www.evearly.news\/fr\/wp-content\/uploads\/sites\/6\/2025\/11\/les-clients-attendent-plus-renault-devrait-augmenter-lautonomie-des-r4-et-r5-electriques.jpg\" class=\"attachment-full size-full wp-post-image\" alt=\"\" decoding=\"async\" \/<br \/>\nAvec moins de 4 000 exemplaires vendus en France cette ann\u00e9e, la Renault 4 E-Tech a du mal \u00e0 s\u2019imposer. La voiture \u00e9lectrique p\u00e2tit en effet d\u2019une autonomie insuffisante, et le constructeur en a tout \u00e0 fait conscience. Bonne nouvelle : l&rsquo;autonomie des R4 et R5 devrait augmenter, mais il faut pas \u00eatre press\u00e9.<br \/>\n <a href=https:\/\/www.frandroid.com\/marques\/renault\/2886145_les-clients-attendent-plus-renault-devrait-augmenter-lautonomie-des-r4-et-r5-electriques target='blank'>Lire la suite&#8230;<\/a><\/p>\n","protected":false},"excerpt":{"rendered":"<p>&lt;img width=&quot;1200&quot; height=&quot;675&quot; src=&quot;https:\/\/www.evearly.news\/fr\/wp-content\/uploads\/sites\/6\/2025\/11\/les-clients-attendent-plus-renault-devrait-augmenter-lautonomie-des-r4-et-r5-electriques.jpg&quot; class=&quot;attachment-full size-full wp-post-image&quot; alt=&quot;&quot; decoding=&quot;async&quot; \/<br \/>\nAvec moins de 4 000 exemplaires vendus en France cette ann\u00e9e, la Renault 4 E-Tech a du mal \u00e0 s\u2019imposer. La voiture \u00e9lectrique p\u00e2tit en effet d\u2019une autonomie insuffisante, et le constructeur en a tout \u00e0 fait conscience. Bonne nouvelle : l&rsquo;autonomie des R4 et R5 devrait augmenter, mais il faut pas \u00eatre press\u00e9.\n<\/p>\n<p> <a class=\"continue-reading-link\" href=\"https:\/\/www.evearly.news\/fr\/les-clients-attendent-plus-renault-devrait-augmenter-lautonomie-des-r4-et-r5-electriques\/\"><\/a><\/p>\n","protected":false},"author":6,"featured_media":312809,"comment_status":"closed","ping_status":"open","sticky":false,"template":"Default","format":"standard","meta":{"footnotes":""},"categories":[14],"tags":[],"class_list":["post-312808","post","type-post","status-publish","format-standard","has-post-thumbnail","hentry","category-frandroid"],"_links":{"self":[{"href":"https:\/\/www.evearly.news\/fr\/wp-json\/wp\/v2\/posts\/312808","targetHints":{"allow":["GET"]}}],"collection":[{"href":"https:\/\/www.evearly.news\/fr\/wp-json\/wp\/v2\/posts"}],"about":[{"href":"https:\/\/www.evearly.news\/fr\/wp-json\/wp\/v2\/types\/post"}],"author":[{"embeddable":true,"href":"https:\/\/www.evearly.news\/fr\/wp-json\/wp\/v2\/users\/6"}],"replies":[{"embeddable":true,"href":"https:\/\/www.evearly.news\/fr\/wp-json\/wp\/v2\/comments?post=312808"}],"version-history":[{"count":0,"href":"https:\/\/www.evearly.news\/fr\/wp-json\/wp\/v2\/posts\/312808\/revisions"}],"wp:featuredmedia":[{"embeddable":true,"href":"https:\/\/www.evearly.news\/fr\/wp-json\/wp\/v2\/media\/312809"}],"wp:attachment":[{"href":"https:\/\/www.evearly.news\/fr\/wp-json\/wp\/v2\/media?parent=312808"}],"wp:term":[{"taxonomy":"category","embeddable":true,"href":"https:\/\/www.evearly.news\/fr\/wp-json\/wp\/v2\/categories?post=312808"},{"taxonomy":"post_tag","embeddable":true,"href":"https:\/\/www.evearly.news\/fr\/wp-json\/wp\/v2\/tags?post=312808"}],"curies":[{"name":"wp","href":"https:\/\/api.w.org\/{rel}","templated":true}]}}