{"id":312816,"date":"2025-11-26T13:41:36","date_gmt":"2025-11-26T12:41:36","guid":{"rendered":"https:\/\/www.evearly.news\/fr\/avec-le-bonus-atteignant-5-700-e-en-2026-quelle-voiture-electrique-soffrir-pour-moins-de-15-000-e\/"},"modified":"2025-11-26T13:41:36","modified_gmt":"2025-11-26T12:41:36","slug":"avec-le-bonus-atteignant-5-700-e-en-2026-quelle-voiture-electrique-soffrir-pour-moins-de-15-000-e","status":"publish","type":"post","link":"https:\/\/www.evearly.news\/fr\/avec-le-bonus-atteignant-5-700-e-en-2026-quelle-voiture-electrique-soffrir-pour-moins-de-15-000-e\/","title":{"rendered":"Avec le bonus atteignant 5\u00a0700\u00a0\u20ac en 2026, quelle voiture \u00e9lectrique s\u2019offrir\u00a0pour moins de 15\u00a0000\u00a0\u20ac\u00a0?"},"content":{"rendered":"<p><img decoding=\"async\" src=\"https:\/\/www.evearly.news\/fr\/wp-content\/uploads\/sites\/6\/2025\/11\/avec-le-bonus-atteignant-5-700-e-en-2026-quelle-voiture-electrique-soffrir-pour-moins-de-15-000-e.jpg\" alt=\"caradisiac\" ><br \/>Le gouvernement vient de l\u2019annoncer, le dispositif d\u2019aide \u00e0 l\u2019achat d\u2019une voiture \u00e9lectrique sera prolong\u00e9 l\u2019ann\u00e9e prochaine, et m\u00eame augment\u00e9, pour atteindre jusqu\u2019\u00e0 5 700 \u20ac. Une nouvelle qui permettra d&rsquo;acc\u00e9der \u00e0 des mod\u00e8les \u00e0 des prix int\u00e9ressants. <a href=https:\/\/www.caradisiac.com\/avec-le-bonus-atteignant-5-700-eur-en-2026-quelle-voiture-electrique-s-offrir-pour-moins-de-15-000-eur-219109.htm#xtor=RSS-40 target=blank>Lire la suite&#8230;<\/a><\/p>\n","protected":false},"excerpt":{"rendered":"<p><img decoding=\"async\" src=\"https:\/\/www.evearly.news\/fr\/wp-content\/uploads\/sites\/6\/2025\/11\/avec-le-bonus-atteignant-5-700-e-en-2026-quelle-voiture-electrique-soffrir-pour-moins-de-15-000-e.jpg\" alt=\"caradisiac\"><br \/>Le gouvernement vient de l\u2019annoncer, le dispositif d\u2019aide \u00e0 l\u2019achat d\u2019une voiture \u00e9lectrique sera prolong\u00e9 l\u2019ann\u00e9e prochaine, et m\u00eame augment\u00e9, pour atteindre jusqu\u2019\u00e0 5 700 \u20ac. Une nouvelle qui permettra d&rsquo;acc\u00e9der \u00e0 des mod\u00e8les \u00e0 des prix int\u00e9ressants.<\/p>\n<p> <a class=\"continue-reading-link\" href=\"https:\/\/www.evearly.news\/fr\/avec-le-bonus-atteignant-5-700-e-en-2026-quelle-voiture-electrique-soffrir-pour-moins-de-15-000-e\/\"><\/a><\/p>\n","protected":false},"author":11,"featured_media":312817,"comment_status":"closed","ping_status":"open","sticky":false,"template":"Default","format":"standard","meta":{"footnotes":""},"categories":[11],"tags":[],"class_list":["post-312816","post","type-post","status-publish","format-standard","has-post-thumbnail","hentry","category-caradisiac"],"_links":{"self":[{"href":"https:\/\/www.evearly.news\/fr\/wp-json\/wp\/v2\/posts\/312816","targetHints":{"allow":["GET"]}}],"collection":[{"href":"https:\/\/www.evearly.news\/fr\/wp-json\/wp\/v2\/posts"}],"about":[{"href":"https:\/\/www.evearly.news\/fr\/wp-json\/wp\/v2\/types\/post"}],"author":[{"embeddable":true,"href":"https:\/\/www.evearly.news\/fr\/wp-json\/wp\/v2\/users\/11"}],"replies":[{"embeddable":true,"href":"https:\/\/www.evearly.news\/fr\/wp-json\/wp\/v2\/comments?post=312816"}],"version-history":[{"count":0,"href":"https:\/\/www.evearly.news\/fr\/wp-json\/wp\/v2\/posts\/312816\/revisions"}],"wp:featuredmedia":[{"embeddable":true,"href":"https:\/\/www.evearly.news\/fr\/wp-json\/wp\/v2\/media\/312817"}],"wp:attachment":[{"href":"https:\/\/www.evearly.news\/fr\/wp-json\/wp\/v2\/media?parent=312816"}],"wp:term":[{"taxonomy":"category","embeddable":true,"href":"https:\/\/www.evearly.news\/fr\/wp-json\/wp\/v2\/categories?post=312816"},{"taxonomy":"post_tag","embeddable":true,"href":"https:\/\/www.evearly.news\/fr\/wp-json\/wp\/v2\/tags?post=312816"}],"curies":[{"name":"wp","href":"https:\/\/api.w.org\/{rel}","templated":true}]}}