{"id":312820,"date":"2025-11-26T16:50:06","date_gmt":"2025-11-26T15:50:06","guid":{"rendered":"https:\/\/www.evearly.news\/fr\/les-premieres-photos-de-lopel-astra-restylee-font-deja-surface-avant-sa-presentation\/"},"modified":"2025-11-26T16:50:06","modified_gmt":"2025-11-26T15:50:06","slug":"les-premieres-photos-de-lopel-astra-restylee-font-deja-surface-avant-sa-presentation","status":"publish","type":"post","link":"https:\/\/www.evearly.news\/fr\/les-premieres-photos-de-lopel-astra-restylee-font-deja-surface-avant-sa-presentation\/","title":{"rendered":"Les premi\u00e8res photos de l\u2019Opel Astra restyl\u00e9e font d\u00e9j\u00e0 surface avant sa pr\u00e9sentation"},"content":{"rendered":"<p><img decoding=\"async\" src=\"https:\/\/www.evearly.news\/fr\/wp-content\/uploads\/sites\/6\/2025\/11\/les-premieres-photos-de-lopel-astra-restylee-font-deja-surface-avant-sa-presentation.webp\" alt=\"auto-moto\"><br \/>Dans quelques semaines, l\u2019Opel Astra passera par la case restylage \u00e0 l\u2019image de sa cousine, la Peugeot 308. Refonte de la face avant, nouvelles motorisations, habitacle revu\u2026 Voici \u00e0 quoi on peut s\u2019attendre en d\u00e9couvrant les premi\u00e8res photos officielles. <a href=https:\/\/www.auto-moto.com\/berline-compacte\/opel-astra-restylee-teaser-66524 target=blank>Lire la suite&#8230;<\/a><\/p>\n","protected":false},"excerpt":{"rendered":"<p>Dans quelques semaines, l\u2019Opel Astra passera par la case restylage \u00e0 l\u2019image de sa cousine, la Peugeot 308. Refonte de la face avant, nouvelles motorisations, habitacle revu\u2026 Voici \u00e0 quoi on peut s\u2019attendre en d\u00e9couvrant les premi\u00e8res photos officielles&#8230;. <a class=\"continue-reading-link\" href=\"https:\/\/www.evearly.news\/fr\/les-premieres-photos-de-lopel-astra-restylee-font-deja-surface-avant-sa-presentation\/\"><\/a><\/p>\n","protected":false},"author":9,"featured_media":312821,"comment_status":"closed","ping_status":"open","sticky":false,"template":"Default","format":"standard","meta":{"footnotes":""},"categories":[10],"tags":[],"class_list":["post-312820","post","type-post","status-publish","format-standard","has-post-thumbnail","hentry","category-auto-moto-com"],"_links":{"self":[{"href":"https:\/\/www.evearly.news\/fr\/wp-json\/wp\/v2\/posts\/312820","targetHints":{"allow":["GET"]}}],"collection":[{"href":"https:\/\/www.evearly.news\/fr\/wp-json\/wp\/v2\/posts"}],"about":[{"href":"https:\/\/www.evearly.news\/fr\/wp-json\/wp\/v2\/types\/post"}],"author":[{"embeddable":true,"href":"https:\/\/www.evearly.news\/fr\/wp-json\/wp\/v2\/users\/9"}],"replies":[{"embeddable":true,"href":"https:\/\/www.evearly.news\/fr\/wp-json\/wp\/v2\/comments?post=312820"}],"version-history":[{"count":0,"href":"https:\/\/www.evearly.news\/fr\/wp-json\/wp\/v2\/posts\/312820\/revisions"}],"wp:featuredmedia":[{"embeddable":true,"href":"https:\/\/www.evearly.news\/fr\/wp-json\/wp\/v2\/media\/312821"}],"wp:attachment":[{"href":"https:\/\/www.evearly.news\/fr\/wp-json\/wp\/v2\/media?parent=312820"}],"wp:term":[{"taxonomy":"category","embeddable":true,"href":"https:\/\/www.evearly.news\/fr\/wp-json\/wp\/v2\/categories?post=312820"},{"taxonomy":"post_tag","embeddable":true,"href":"https:\/\/www.evearly.news\/fr\/wp-json\/wp\/v2\/tags?post=312820"}],"curies":[{"name":"wp","href":"https:\/\/api.w.org\/{rel}","templated":true}]}}