{"id":312828,"date":"2025-11-26T18:11:53","date_gmt":"2025-11-26T17:11:53","guid":{"rendered":"https:\/\/www.evearly.news\/fr\/pas-de-prise-pas-de-voiture-on-a-fact-checke-les-propos-du-patron-de-40-millions-dautomobilistes-sur-la-voiture-electrique\/"},"modified":"2025-11-26T18:11:53","modified_gmt":"2025-11-26T17:11:53","slug":"pas-de-prise-pas-de-voiture-on-a-fact-checke-les-propos-du-patron-de-40-millions-dautomobilistes-sur-la-voiture-electrique","status":"publish","type":"post","link":"https:\/\/www.evearly.news\/fr\/pas-de-prise-pas-de-voiture-on-a-fact-checke-les-propos-du-patron-de-40-millions-dautomobilistes-sur-la-voiture-electrique\/","title":{"rendered":"\u00ab Pas de prise, pas de voiture \u00bb : on a fact-check\u00e9 les propos du patron de 40 millions d\u2019automobilistes sur la voiture \u00e9lectrique"},"content":{"rendered":"<p><img loading=\"lazy\" width=\"1200\" height=\"675\" src=\"https:\/\/www.evearly.news\/fr\/wp-content\/uploads\/sites\/6\/2025\/11\/pas-de-prise-pas-de-voiture-on-a-fact-checke-les-propos-du-patron-de-40-millions-dautomobilistes-sur-la-voiture-electrique.jpg\" class=\"attachment-full size-full wp-post-image\" alt=\"\" decoding=\"async\" \/<br \/>\nC&rsquo;est fascinant et terrifiant \u00e0 la fois. Lors de notre d\u00e9bat sur l&rsquo;\u00e9ch\u00e9ance 2035, Pierre Chasseray, d\u00e9l\u00e9gu\u00e9 g\u00e9n\u00e9ral de 40 millions d&rsquo;automobilistes, a d\u00e9roul\u00e9 un argumentaire contre la voiture \u00e9lectrique. Le probl\u00e8me ? Ses arguments datent d&rsquo;il y a dix ans.<br \/>\n <a href=https:\/\/www.frandroid.com\/survoltes\/voitures-electriques\/2886187_pas-de-prise-pas-de-voiture-on-a-fact-checke-les-propos-du-patron-de-40-millions-dautomobilistes-sur-la-voiture-electrique target='blank'>Lire la suite&#8230;<\/a><\/p>\n","protected":false},"excerpt":{"rendered":"<p>&lt;img width=&quot;1200&quot; height=&quot;675&quot; src=&quot;https:\/\/www.evearly.news\/fr\/wp-content\/uploads\/sites\/6\/2025\/11\/pas-de-prise-pas-de-voiture-on-a-fact-checke-les-propos-du-patron-de-40-millions-dautomobilistes-sur-la-voiture-electrique.jpg&quot; class=&quot;attachment-full size-full wp-post-image&quot; alt=&quot;&quot; decoding=&quot;async&quot; \/<br \/>\nC&rsquo;est fascinant et terrifiant \u00e0 la fois. Lors de notre d\u00e9bat sur l&rsquo;\u00e9ch\u00e9ance 2035, Pierre Chasseray, d\u00e9l\u00e9gu\u00e9 g\u00e9n\u00e9ral de 40 millions d&rsquo;automobilistes, a d\u00e9roul\u00e9 un argumentaire contre la voiture \u00e9lectrique. Le probl\u00e8me ? Ses arguments datent d&rsquo;il y a dix ans.\n<\/p>\n<p> <a class=\"continue-reading-link\" href=\"https:\/\/www.evearly.news\/fr\/pas-de-prise-pas-de-voiture-on-a-fact-checke-les-propos-du-patron-de-40-millions-dautomobilistes-sur-la-voiture-electrique\/\"><\/a><\/p>\n","protected":false},"author":6,"featured_media":312829,"comment_status":"closed","ping_status":"open","sticky":false,"template":"Default","format":"standard","meta":{"footnotes":""},"categories":[14],"tags":[],"class_list":["post-312828","post","type-post","status-publish","format-standard","has-post-thumbnail","hentry","category-frandroid"],"_links":{"self":[{"href":"https:\/\/www.evearly.news\/fr\/wp-json\/wp\/v2\/posts\/312828","targetHints":{"allow":["GET"]}}],"collection":[{"href":"https:\/\/www.evearly.news\/fr\/wp-json\/wp\/v2\/posts"}],"about":[{"href":"https:\/\/www.evearly.news\/fr\/wp-json\/wp\/v2\/types\/post"}],"author":[{"embeddable":true,"href":"https:\/\/www.evearly.news\/fr\/wp-json\/wp\/v2\/users\/6"}],"replies":[{"embeddable":true,"href":"https:\/\/www.evearly.news\/fr\/wp-json\/wp\/v2\/comments?post=312828"}],"version-history":[{"count":0,"href":"https:\/\/www.evearly.news\/fr\/wp-json\/wp\/v2\/posts\/312828\/revisions"}],"wp:featuredmedia":[{"embeddable":true,"href":"https:\/\/www.evearly.news\/fr\/wp-json\/wp\/v2\/media\/312829"}],"wp:attachment":[{"href":"https:\/\/www.evearly.news\/fr\/wp-json\/wp\/v2\/media?parent=312828"}],"wp:term":[{"taxonomy":"category","embeddable":true,"href":"https:\/\/www.evearly.news\/fr\/wp-json\/wp\/v2\/categories?post=312828"},{"taxonomy":"post_tag","embeddable":true,"href":"https:\/\/www.evearly.news\/fr\/wp-json\/wp\/v2\/tags?post=312828"}],"curies":[{"name":"wp","href":"https:\/\/api.w.org\/{rel}","templated":true}]}}