{"id":312836,"date":"2025-11-26T18:52:09","date_gmt":"2025-11-26T17:52:09","guid":{"rendered":"https:\/\/www.evearly.news\/fr\/mercedes-brad-pitt-fait-la-pub-de-la-nouvelle-sportive-electrique-damg\/"},"modified":"2025-11-26T18:52:09","modified_gmt":"2025-11-26T17:52:09","slug":"mercedes-brad-pitt-fait-la-pub-de-la-nouvelle-sportive-electrique-damg","status":"publish","type":"post","link":"https:\/\/www.evearly.news\/fr\/mercedes-brad-pitt-fait-la-pub-de-la-nouvelle-sportive-electrique-damg\/","title":{"rendered":"Mercedes : Brad Pitt fait la pub de la nouvelle sportive \u00e9lectrique d\u2019AMG"},"content":{"rendered":"<p><img loading=\"lazy\" decoding=\"async\" width=\"500\" height=\"333\" src=\"https:\/\/www.evearly.news\/fr\/wp-content\/uploads\/sites\/6\/2025\/11\/mercedes-brad-pitt-fait-la-pub-de-la-nouvelle-sportive-electrique-damg.jpg\" class=\"attachment-1200x800 size-1200x800 wp-post-image\" alt=\"\" srcset=\"https:\/\/www.evearly.news\/fr\/wp-content\/uploads\/sites\/6\/2025\/11\/mercedes-brad-pitt-fait-la-pub-de-la-nouvelle-sportive-electrique-damg.jpg 1536w, https:\/\/www.evearly.news\/fr\/wp-content\/uploads\/sites\/6\/2025\/11\/mercedes-brad-pitt-fait-la-pub-de-la-nouvelle-sportive-electrique-damg-1.jpg 1640w, https:\/\/www.evearly.news\/fr\/wp-content\/uploads\/sites\/6\/2025\/11\/mercedes-brad-pitt-fait-la-pub-de-la-nouvelle-sportive-electrique-damg-2.jpg 1024w, https:\/\/www.evearly.news\/fr\/wp-content\/uploads\/sites\/6\/2025\/11\/mercedes-brad-pitt-fait-la-pub-de-la-nouvelle-sportive-electrique-damg-3.jpg 140w, https:\/\/www.evearly.news\/fr\/wp-content\/uploads\/sites\/6\/2025\/11\/mercedes-brad-pitt-fait-la-pub-de-la-nouvelle-sportive-electrique-damg-4.jpg 768w, https:\/\/www.evearly.news\/fr\/wp-content\/uploads\/sites\/6\/2025\/11\/mercedes-brad-pitt-fait-la-pub-de-la-nouvelle-sportive-electrique-damg-5.jpg 700w, https:\/\/www.evearly.news\/fr\/wp-content\/uploads\/sites\/6\/2025\/11\/mercedes-brad-pitt-fait-la-pub-de-la-nouvelle-sportive-electrique-damg-6.jpg 960w, https:\/\/www.evearly.news\/fr\/wp-content\/uploads\/sites\/6\/2025\/11\/mercedes-brad-pitt-fait-la-pub-de-la-nouvelle-sportive-electrique-damg-7.jpg 100w, https:\/\/cdn.automobile-propre.com\/uploads\/2025\/11\/Mercedes-AMG_EQXX_Brad-Pitt_George-Russel_08.jpg 1920w\" sizes=\"auto, (max-width: 1200px) 100vw, 1200px\" \/><br \/>\nPour accompagner le lancement de sa nouvelle sportive \u00e9lectrique, Mercedes-AMG fait appel \u00e0 une star du grand \u00e9cran. Clin d&rsquo;\u0153il \u00e0 son r\u00f4le dans le film F1, Brad Pitt partage le clip promotionnel avec un vrai pilote, George Russel.\u00a0<a href=https:\/\/www.automobile-propre.com\/breves\/mercedes-brad-pitt-fait-la-pub-de-la-nouvelle-sportive-electrique-damg\/ target='bwindow'>Lire la suite&#8230;<\/a><\/p>\n","protected":false},"excerpt":{"rendered":"<p>&#8230; <a class=\"continue-reading-link\" href=\"https:\/\/www.evearly.news\/fr\/mercedes-brad-pitt-fait-la-pub-de-la-nouvelle-sportive-electrique-damg\/\"><\/a><\/p>\n","protected":false},"author":8,"featured_media":312837,"comment_status":"closed","ping_status":"open","sticky":false,"template":"Default","format":"standard","meta":{"footnotes":""},"categories":[8],"tags":[],"class_list":["post-312836","post","type-post","status-publish","format-standard","has-post-thumbnail","hentry","category-automobile-propre"],"_links":{"self":[{"href":"https:\/\/www.evearly.news\/fr\/wp-json\/wp\/v2\/posts\/312836","targetHints":{"allow":["GET"]}}],"collection":[{"href":"https:\/\/www.evearly.news\/fr\/wp-json\/wp\/v2\/posts"}],"about":[{"href":"https:\/\/www.evearly.news\/fr\/wp-json\/wp\/v2\/types\/post"}],"author":[{"embeddable":true,"href":"https:\/\/www.evearly.news\/fr\/wp-json\/wp\/v2\/users\/8"}],"replies":[{"embeddable":true,"href":"https:\/\/www.evearly.news\/fr\/wp-json\/wp\/v2\/comments?post=312836"}],"version-history":[{"count":0,"href":"https:\/\/www.evearly.news\/fr\/wp-json\/wp\/v2\/posts\/312836\/revisions"}],"wp:featuredmedia":[{"embeddable":true,"href":"https:\/\/www.evearly.news\/fr\/wp-json\/wp\/v2\/media\/312837"}],"wp:attachment":[{"href":"https:\/\/www.evearly.news\/fr\/wp-json\/wp\/v2\/media?parent=312836"}],"wp:term":[{"taxonomy":"category","embeddable":true,"href":"https:\/\/www.evearly.news\/fr\/wp-json\/wp\/v2\/categories?post=312836"},{"taxonomy":"post_tag","embeddable":true,"href":"https:\/\/www.evearly.news\/fr\/wp-json\/wp\/v2\/tags?post=312836"}],"curies":[{"name":"wp","href":"https:\/\/api.w.org\/{rel}","templated":true}]}}