{"id":312840,"date":"2025-11-26T19:04:46","date_gmt":"2025-11-26T18:04:46","guid":{"rendered":"https:\/\/www.evearly.news\/fr\/312840-2\/"},"modified":"2026-03-05T17:47:58","modified_gmt":"2026-03-05T16:47:58","slug":"312840-2","status":"publish","type":"post","link":"https:\/\/www.evearly.news\/fr\/312840-2\/","title":{"rendered":"Paris La D\u00e9fense\u00a0: l\u2019autopartage \u00e9lectrique se d\u00e9ploie"},"content":{"rendered":"<p><img loading=\"lazy\" decoding=\"async\" width=\"696\" height=\"522\" class=\"entry-thumb\" src=\"https:\/\/www.evearly.news\/fr\/wp-content\/uploads\/sites\/6\/2025\/11\/1-1758100721238-696x522-derived.jpg\" alt=\"La D\u00e9fense\u00a0autopartage\" title=\"La D\u00e9fense\u00a0autopartage\"\/><br \/>PullCOO et Agilauto Partage Pro lancent \u00e0 Paris La D\u00e9fense le premier service d\u2019autopartage \u00e9lectrique destin\u00e9 aux entreprises. Avec une flotte de six v\u00e9hicules, bient\u00f4t port\u00e9e \u00e0 quinze, la solution offre une alternative flexible et d\u00e9carbon\u00e9e aux flottes des grands groupes. <a href=https:\/\/www.flotauto.com\/la-defense-autopartage-electrique\/ target='bwindow'>Lire la suite&#8230;<\/a><\/p>\n","protected":false},"excerpt":{"rendered":"<p>PullCOO et Agilauto Partage Pro lancent \u00e0 Paris La D\u00e9fense le premier service d\u2019autopartage \u00e9lectrique destin\u00e9 aux entreprises. Avec une flotte de six v\u00e9hicules, bient\u00f4t port\u00e9e \u00e0 quinze, la solution offre une alternative flexible et d\u00e9carbon\u00e9e aux flottes des grands groupes&#8230;. <a class=\"continue-reading-link\" href=\"https:\/\/www.evearly.news\/fr\/312840-2\/\"><\/a><\/p>\n","protected":false},"author":35,"featured_media":312841,"comment_status":"closed","ping_status":"open","sticky":false,"template":"Default","format":"standard","meta":{"footnotes":""},"categories":[179],"tags":[],"class_list":["post-312840","post","type-post","status-publish","format-standard","has-post-thumbnail","hentry","category-flotauto-com"],"_links":{"self":[{"href":"https:\/\/www.evearly.news\/fr\/wp-json\/wp\/v2\/posts\/312840","targetHints":{"allow":["GET"]}}],"collection":[{"href":"https:\/\/www.evearly.news\/fr\/wp-json\/wp\/v2\/posts"}],"about":[{"href":"https:\/\/www.evearly.news\/fr\/wp-json\/wp\/v2\/types\/post"}],"author":[{"embeddable":true,"href":"https:\/\/www.evearly.news\/fr\/wp-json\/wp\/v2\/users\/35"}],"replies":[{"embeddable":true,"href":"https:\/\/www.evearly.news\/fr\/wp-json\/wp\/v2\/comments?post=312840"}],"version-history":[{"count":1,"href":"https:\/\/www.evearly.news\/fr\/wp-json\/wp\/v2\/posts\/312840\/revisions"}],"predecessor-version":[{"id":318359,"href":"https:\/\/www.evearly.news\/fr\/wp-json\/wp\/v2\/posts\/312840\/revisions\/318359"}],"wp:featuredmedia":[{"embeddable":true,"href":"https:\/\/www.evearly.news\/fr\/wp-json\/wp\/v2\/media\/312841"}],"wp:attachment":[{"href":"https:\/\/www.evearly.news\/fr\/wp-json\/wp\/v2\/media?parent=312840"}],"wp:term":[{"taxonomy":"category","embeddable":true,"href":"https:\/\/www.evearly.news\/fr\/wp-json\/wp\/v2\/categories?post=312840"},{"taxonomy":"post_tag","embeddable":true,"href":"https:\/\/www.evearly.news\/fr\/wp-json\/wp\/v2\/tags?post=312840"}],"curies":[{"name":"wp","href":"https:\/\/api.w.org\/{rel}","templated":true}]}}