{"id":312846,"date":"2025-11-27T08:03:15","date_gmt":"2025-11-27T07:03:15","guid":{"rendered":"https:\/\/www.evearly.news\/fr\/apres-renault-skoda-se-lance-lui-aussi-dans-le-neo-retro-mais-a-un-detail-pres\/"},"modified":"2025-11-27T08:03:15","modified_gmt":"2025-11-27T07:03:15","slug":"apres-renault-skoda-se-lance-lui-aussi-dans-le-neo-retro-mais-a-un-detail-pres","status":"publish","type":"post","link":"https:\/\/www.evearly.news\/fr\/apres-renault-skoda-se-lance-lui-aussi-dans-le-neo-retro-mais-a-un-detail-pres\/","title":{"rendered":"Apr\u00e8s Renault, Skoda se lance lui aussi dans le n\u00e9o-r\u00e9tro mais \u00e0 un d\u00e9tail pr\u00e8s"},"content":{"rendered":"<div class=\"media_block\"><img decoding=\"async\" src=\"https:\/\/www.evearly.news\/fr\/wp-content\/uploads\/sites\/6\/2025\/11\/apres-renault-skoda-se-lance-lui-aussi-dans-le-neo-retro-mais-a-un-detail-pres.jpg\"><\/div>\n<p>Le r\u00e9tro design a le vent en poupe. Si Renault en est le chantre incarn\u00e9 depuis la R5 Prototype de 2021, Skoda n\u2019est pas en reste. La marque Tch\u00e8que du groupe Volkswagen a d\u00e9j\u00e0 \u00e0 son actif 5 mod\u00e8les embl\u00e9matiques revisit\u00e9s. Mais \u00e0 la diff\u00e9rence du losange, les r\u00e9alisations Skoda resteront de pures cr\u00e9ations num\u00e9riques. <a href=https:\/\/www.automobile-magazine.fr\/insolite\/article\/50252-apres-renault-skoda-se-lance-lui-aussi-dans-le-neo-retro-mais-a-un-detail-pres target='bwindow'>Lire la suite&#8230;<\/a><\/p>\n","protected":false},"excerpt":{"rendered":"<div class=\"media_block\"><img decoding=\"async\" src=\"https:\/\/www.evearly.news\/fr\/wp-content\/uploads\/sites\/6\/2025\/11\/apres-renault-skoda-se-lance-lui-aussi-dans-le-neo-retro-mais-a-un-detail-pres.jpg\"><\/div>\n<p> <a class=\"continue-reading-link\" href=\"https:\/\/www.evearly.news\/fr\/apres-renault-skoda-se-lance-lui-aussi-dans-le-neo-retro-mais-a-un-detail-pres\/\"><\/a><\/p>\n","protected":false},"author":7,"featured_media":312847,"comment_status":"closed","ping_status":"open","sticky":false,"template":"Default","format":"standard","meta":{"footnotes":""},"categories":[7],"tags":[],"class_list":["post-312846","post","type-post","status-publish","format-standard","has-post-thumbnail","hentry","category-automobile-magazine"],"_links":{"self":[{"href":"https:\/\/www.evearly.news\/fr\/wp-json\/wp\/v2\/posts\/312846","targetHints":{"allow":["GET"]}}],"collection":[{"href":"https:\/\/www.evearly.news\/fr\/wp-json\/wp\/v2\/posts"}],"about":[{"href":"https:\/\/www.evearly.news\/fr\/wp-json\/wp\/v2\/types\/post"}],"author":[{"embeddable":true,"href":"https:\/\/www.evearly.news\/fr\/wp-json\/wp\/v2\/users\/7"}],"replies":[{"embeddable":true,"href":"https:\/\/www.evearly.news\/fr\/wp-json\/wp\/v2\/comments?post=312846"}],"version-history":[{"count":0,"href":"https:\/\/www.evearly.news\/fr\/wp-json\/wp\/v2\/posts\/312846\/revisions"}],"wp:featuredmedia":[{"embeddable":true,"href":"https:\/\/www.evearly.news\/fr\/wp-json\/wp\/v2\/media\/312847"}],"wp:attachment":[{"href":"https:\/\/www.evearly.news\/fr\/wp-json\/wp\/v2\/media?parent=312846"}],"wp:term":[{"taxonomy":"category","embeddable":true,"href":"https:\/\/www.evearly.news\/fr\/wp-json\/wp\/v2\/categories?post=312846"},{"taxonomy":"post_tag","embeddable":true,"href":"https:\/\/www.evearly.news\/fr\/wp-json\/wp\/v2\/tags?post=312846"}],"curies":[{"name":"wp","href":"https:\/\/api.w.org\/{rel}","templated":true}]}}