{"id":312852,"date":"2025-11-27T08:50:05","date_gmt":"2025-11-27T07:50:05","guid":{"rendered":"https:\/\/www.evearly.news\/fr\/smartports-et-monta-unissent-leurs-forces-pour-moderniser-les-parkings-equipes-de-bornes-de-recharge\/"},"modified":"2025-11-27T08:50:05","modified_gmt":"2025-11-27T07:50:05","slug":"smartports-et-monta-unissent-leurs-forces-pour-moderniser-les-parkings-equipes-de-bornes-de-recharge","status":"publish","type":"post","link":"https:\/\/www.evearly.news\/fr\/smartports-et-monta-unissent-leurs-forces-pour-moderniser-les-parkings-equipes-de-bornes-de-recharge\/","title":{"rendered":"Smartports et Monta unissent leurs forces pour moderniser les parkings \u00e9quip\u00e9s de bornes de recharge"},"content":{"rendered":"<p><img loading=\"lazy\" decoding=\"async\" width=\"500\" height=\"333\" src=\"https:\/\/www.evearly.news\/fr\/wp-content\/uploads\/sites\/6\/2025\/11\/smartports-et-monta-unissent-leurs-forces-pour-moderniser-les-parkings-equipes-de-bornes-de-recharge.webp\" class=\"attachment-1200x800 size-1200x800 wp-post-image\" alt=\"Smartports\" srcset=\"https:\/\/www.evearly.news\/fr\/wp-content\/uploads\/sites\/6\/2025\/11\/smartports-et-monta-unissent-leurs-forces-pour-moderniser-les-parkings-equipes-de-bornes-de-recharge.webp 1500w, https:\/\/www.evearly.news\/fr\/wp-content\/uploads\/sites\/6\/2025\/11\/smartports-et-monta-unissent-leurs-forces-pour-moderniser-les-parkings-equipes-de-bornes-de-recharge-1.webp 1024w, https:\/\/www.evearly.news\/fr\/wp-content\/uploads\/sites\/6\/2025\/11\/smartports-et-monta-unissent-leurs-forces-pour-moderniser-les-parkings-equipes-de-bornes-de-recharge-2.webp 768w, https:\/\/www.evearly.news\/fr\/wp-content\/uploads\/sites\/6\/2025\/11\/smartports-et-monta-unissent-leurs-forces-pour-moderniser-les-parkings-equipes-de-bornes-de-recharge-3.webp 700w, https:\/\/cdn.automobile-propre.com\/uploads\/2025\/11\/Smartports-960x584.webp 960w\" sizes=\"auto, (max-width: 1200px) 100vw, 1200px\" \/><br \/>\nL\u2019entreprise su\u00e9doise Smartports poursuit sa d\u00e9marche de modernisation des parkings en s\u2019associant avec Monta, un acteur d\u00e9j\u00e0 bien install\u00e9 dans les logiciels de gestion de bornes de recharge.\u00a0\u00a0<a href=https:\/\/www.automobile-propre.com\/articles\/smartports-et-monta-unissent-leurs-forces-pour-moderniser-les-parkings-equipes-de-bornes-de-recharge\/ target='bwindow'>Lire la suite&#8230;<\/a><\/p>\n","protected":false},"excerpt":{"rendered":"<p>&#8230; <a class=\"continue-reading-link\" href=\"https:\/\/www.evearly.news\/fr\/smartports-et-monta-unissent-leurs-forces-pour-moderniser-les-parkings-equipes-de-bornes-de-recharge\/\"><\/a><\/p>\n","protected":false},"author":8,"featured_media":312853,"comment_status":"closed","ping_status":"open","sticky":false,"template":"Default","format":"standard","meta":{"footnotes":""},"categories":[8],"tags":[],"class_list":["post-312852","post","type-post","status-publish","format-standard","has-post-thumbnail","hentry","category-automobile-propre"],"_links":{"self":[{"href":"https:\/\/www.evearly.news\/fr\/wp-json\/wp\/v2\/posts\/312852","targetHints":{"allow":["GET"]}}],"collection":[{"href":"https:\/\/www.evearly.news\/fr\/wp-json\/wp\/v2\/posts"}],"about":[{"href":"https:\/\/www.evearly.news\/fr\/wp-json\/wp\/v2\/types\/post"}],"author":[{"embeddable":true,"href":"https:\/\/www.evearly.news\/fr\/wp-json\/wp\/v2\/users\/8"}],"replies":[{"embeddable":true,"href":"https:\/\/www.evearly.news\/fr\/wp-json\/wp\/v2\/comments?post=312852"}],"version-history":[{"count":0,"href":"https:\/\/www.evearly.news\/fr\/wp-json\/wp\/v2\/posts\/312852\/revisions"}],"wp:featuredmedia":[{"embeddable":true,"href":"https:\/\/www.evearly.news\/fr\/wp-json\/wp\/v2\/media\/312853"}],"wp:attachment":[{"href":"https:\/\/www.evearly.news\/fr\/wp-json\/wp\/v2\/media?parent=312852"}],"wp:term":[{"taxonomy":"category","embeddable":true,"href":"https:\/\/www.evearly.news\/fr\/wp-json\/wp\/v2\/categories?post=312852"},{"taxonomy":"post_tag","embeddable":true,"href":"https:\/\/www.evearly.news\/fr\/wp-json\/wp\/v2\/tags?post=312852"}],"curies":[{"name":"wp","href":"https:\/\/api.w.org\/{rel}","templated":true}]}}