{"id":312858,"date":"2025-11-27T09:50:04","date_gmt":"2025-11-27T08:50:04","guid":{"rendered":"https:\/\/www.evearly.news\/fr\/future-byd-dolphin-2026-que-sait-on-deja-a-son-sujet\/"},"modified":"2025-11-27T09:50:04","modified_gmt":"2025-11-27T08:50:04","slug":"future-byd-dolphin-2026-que-sait-on-deja-a-son-sujet","status":"publish","type":"post","link":"https:\/\/www.evearly.news\/fr\/future-byd-dolphin-2026-que-sait-on-deja-a-son-sujet\/","title":{"rendered":"Future BYD Dolphin (2026) : que sait-on d\u00e9j\u00e0 \u00e0 son sujet ?"},"content":{"rendered":"<p><img decoding=\"async\" src=\"https:\/\/www.evearly.news\/fr\/wp-content\/uploads\/sites\/6\/2025\/11\/future-byd-dolphin-2026-que-sait-on-deja-a-son-sujet.webp\" alt=\"auto-moto\"><br \/>R\u00e9cemment surprise sous un \u00e9pais camouflage, la prochaine g\u00e9n\u00e9ration de BYD Dolphin peaufine actuellement ses r\u00e9glages avant d\u2019entamer sa carri\u00e8re commerciale dans les mois \u00e0 venir. Auto-Moto fait le point sur les bruits de couloir la concernant. <a href=https:\/\/www.auto-moto.com\/citadine\/future-byd-dolphin-2026-que-sait-on-deja-a-son-sujet-66539 target=blank>Lire la suite&#8230;<\/a><\/p>\n","protected":false},"excerpt":{"rendered":"<p>R\u00e9cemment surprise sous un \u00e9pais camouflage, la prochaine g\u00e9n\u00e9ration de BYD Dolphin peaufine actuellement ses r\u00e9glages avant d\u2019entamer sa carri\u00e8re commerciale dans les mois \u00e0 venir. Auto-Moto fait le point sur les bruits de couloir la concernant&#8230;. <a class=\"continue-reading-link\" href=\"https:\/\/www.evearly.news\/fr\/future-byd-dolphin-2026-que-sait-on-deja-a-son-sujet\/\"><\/a><\/p>\n","protected":false},"author":9,"featured_media":312859,"comment_status":"closed","ping_status":"open","sticky":false,"template":"Default","format":"standard","meta":{"footnotes":""},"categories":[10],"tags":[],"class_list":["post-312858","post","type-post","status-publish","format-standard","has-post-thumbnail","hentry","category-auto-moto-com"],"_links":{"self":[{"href":"https:\/\/www.evearly.news\/fr\/wp-json\/wp\/v2\/posts\/312858","targetHints":{"allow":["GET"]}}],"collection":[{"href":"https:\/\/www.evearly.news\/fr\/wp-json\/wp\/v2\/posts"}],"about":[{"href":"https:\/\/www.evearly.news\/fr\/wp-json\/wp\/v2\/types\/post"}],"author":[{"embeddable":true,"href":"https:\/\/www.evearly.news\/fr\/wp-json\/wp\/v2\/users\/9"}],"replies":[{"embeddable":true,"href":"https:\/\/www.evearly.news\/fr\/wp-json\/wp\/v2\/comments?post=312858"}],"version-history":[{"count":0,"href":"https:\/\/www.evearly.news\/fr\/wp-json\/wp\/v2\/posts\/312858\/revisions"}],"wp:featuredmedia":[{"embeddable":true,"href":"https:\/\/www.evearly.news\/fr\/wp-json\/wp\/v2\/media\/312859"}],"wp:attachment":[{"href":"https:\/\/www.evearly.news\/fr\/wp-json\/wp\/v2\/media?parent=312858"}],"wp:term":[{"taxonomy":"category","embeddable":true,"href":"https:\/\/www.evearly.news\/fr\/wp-json\/wp\/v2\/categories?post=312858"},{"taxonomy":"post_tag","embeddable":true,"href":"https:\/\/www.evearly.news\/fr\/wp-json\/wp\/v2\/tags?post=312858"}],"curies":[{"name":"wp","href":"https:\/\/api.w.org\/{rel}","templated":true}]}}