{"id":312860,"date":"2025-11-27T09:50:34","date_gmt":"2025-11-27T08:50:34","guid":{"rendered":"https:\/\/www.evearly.news\/fr\/abarth-pourrait-envisager-le-retour-de-moteurs-thermiques-pour-ses-citadines-sportives\/"},"modified":"2025-11-27T09:50:34","modified_gmt":"2025-11-27T08:50:34","slug":"abarth-pourrait-envisager-le-retour-de-moteurs-thermiques-pour-ses-citadines-sportives","status":"publish","type":"post","link":"https:\/\/www.evearly.news\/fr\/abarth-pourrait-envisager-le-retour-de-moteurs-thermiques-pour-ses-citadines-sportives\/","title":{"rendered":"Abarth pourrait envisager le retour de moteurs thermiques pour ses citadines sportives"},"content":{"rendered":"<p><img decoding=\"async\" src=\"https:\/\/www.evearly.news\/fr\/wp-content\/uploads\/sites\/6\/2025\/11\/abarth-pourrait-envisager-le-retour-de-moteurs-thermiques-pour-ses-citadines-sportives.webp\" alt=\"auto-moto\"><br \/>Apr\u00e8s avoir fait le choix de basculer au 100% \u00e9lectrique d\u00e8s l\u2019\u00e9t\u00e9 2024 sur un march\u00e9 encore instable, Abarth semble pr\u00eat \u00e0 revoir sa strat\u00e9gie. Le patron europ\u00e9en de la marque a expliqu\u00e9 que les ing\u00e9nieurs r\u00e9fl\u00e9chissaient \u00e0 finalement lancer des versions \u00e0 moteurs thermiques. <a href=https:\/\/www.auto-moto.com\/sportive\/abarth-retour-thermique-66535 target=blank>Lire la suite&#8230;<\/a><\/p>\n","protected":false},"excerpt":{"rendered":"<p>Apr\u00e8s avoir fait le choix de basculer au 100% \u00e9lectrique d\u00e8s l\u2019\u00e9t\u00e9 2024 sur un march\u00e9 encore instable, Abarth semble pr\u00eat \u00e0 revoir sa strat\u00e9gie. Le patron europ\u00e9en de la marque a expliqu\u00e9 que les ing\u00e9nieurs r\u00e9fl\u00e9chissaient \u00e0 finalement lancer des versions \u00e0 moteurs thermiques&#8230;. <a class=\"continue-reading-link\" href=\"https:\/\/www.evearly.news\/fr\/abarth-pourrait-envisager-le-retour-de-moteurs-thermiques-pour-ses-citadines-sportives\/\"><\/a><\/p>\n","protected":false},"author":9,"featured_media":312861,"comment_status":"closed","ping_status":"open","sticky":false,"template":"Default","format":"standard","meta":{"footnotes":""},"categories":[10],"tags":[],"class_list":["post-312860","post","type-post","status-publish","format-standard","has-post-thumbnail","hentry","category-auto-moto-com"],"_links":{"self":[{"href":"https:\/\/www.evearly.news\/fr\/wp-json\/wp\/v2\/posts\/312860","targetHints":{"allow":["GET"]}}],"collection":[{"href":"https:\/\/www.evearly.news\/fr\/wp-json\/wp\/v2\/posts"}],"about":[{"href":"https:\/\/www.evearly.news\/fr\/wp-json\/wp\/v2\/types\/post"}],"author":[{"embeddable":true,"href":"https:\/\/www.evearly.news\/fr\/wp-json\/wp\/v2\/users\/9"}],"replies":[{"embeddable":true,"href":"https:\/\/www.evearly.news\/fr\/wp-json\/wp\/v2\/comments?post=312860"}],"version-history":[{"count":0,"href":"https:\/\/www.evearly.news\/fr\/wp-json\/wp\/v2\/posts\/312860\/revisions"}],"wp:featuredmedia":[{"embeddable":true,"href":"https:\/\/www.evearly.news\/fr\/wp-json\/wp\/v2\/media\/312861"}],"wp:attachment":[{"href":"https:\/\/www.evearly.news\/fr\/wp-json\/wp\/v2\/media?parent=312860"}],"wp:term":[{"taxonomy":"category","embeddable":true,"href":"https:\/\/www.evearly.news\/fr\/wp-json\/wp\/v2\/categories?post=312860"},{"taxonomy":"post_tag","embeddable":true,"href":"https:\/\/www.evearly.news\/fr\/wp-json\/wp\/v2\/tags?post=312860"}],"curies":[{"name":"wp","href":"https:\/\/api.w.org\/{rel}","templated":true}]}}