{"id":312885,"date":"2025-11-27T12:53:27","date_gmt":"2025-11-27T11:53:27","guid":{"rendered":"https:\/\/www.evearly.news\/fr\/renault-cede-a-la-pression-ses-prochaines-voitures-electriques-auront-un-moteur-essence-embarque\/"},"modified":"2025-11-27T12:53:27","modified_gmt":"2025-11-27T11:53:27","slug":"renault-cede-a-la-pression-ses-prochaines-voitures-electriques-auront-un-moteur-essence-embarque","status":"publish","type":"post","link":"https:\/\/www.evearly.news\/fr\/renault-cede-a-la-pression-ses-prochaines-voitures-electriques-auront-un-moteur-essence-embarque\/","title":{"rendered":"Renault c\u00e8de \u00e0 la pression : ses prochaines voitures \u00e9lectriques auront un moteur essence embarqu\u00e9"},"content":{"rendered":"<p><img loading=\"lazy\" width=\"1200\" height=\"675\" src=\"https:\/\/www.evearly.news\/fr\/wp-content\/uploads\/sites\/6\/2025\/11\/renault-cede-a-la-pression-ses-prochaines-voitures-electriques-auront-un-moteur-essence-embarque.jpg\" class=\"attachment-full size-full wp-post-image\" alt=\"\" decoding=\"async\" \/<br \/>\nSi m\u00eame Renault s&rsquo;y met&#8230; la strat\u00e9gie du \u00ab tout \u00e9lectrique \u00bb chez le constructeur fran\u00e7ais prend une tournure particuli\u00e8re avec les voitures \u00e9lectriques \u00e0 prolongateur d&rsquo;autonomie.<br \/>\n <a href=https:\/\/www.frandroid.com\/marques\/renault\/2888007_renault-cede-a-la-pression-ses-prochaines-voitures-electriques-auront-un-moteur-essence-embarque target='blank'>Lire la suite&#8230;<\/a><\/p>\n","protected":false},"excerpt":{"rendered":"<p>&lt;img width=&quot;1200&quot; height=&quot;675&quot; src=&quot;https:\/\/www.evearly.news\/fr\/wp-content\/uploads\/sites\/6\/2025\/11\/renault-cede-a-la-pression-ses-prochaines-voitures-electriques-auront-un-moteur-essence-embarque.jpg&quot; class=&quot;attachment-full size-full wp-post-image&quot; alt=&quot;&quot; decoding=&quot;async&quot; \/<br \/>\nSi m\u00eame Renault s&rsquo;y met&#8230; la strat\u00e9gie du \u00ab tout \u00e9lectrique \u00bb chez le constructeur fran\u00e7ais prend une tournure particuli\u00e8re avec les voitures \u00e9lectriques \u00e0 prolongateur d&rsquo;autonomie.\n<\/p>\n<p> <a class=\"continue-reading-link\" href=\"https:\/\/www.evearly.news\/fr\/renault-cede-a-la-pression-ses-prochaines-voitures-electriques-auront-un-moteur-essence-embarque\/\"><\/a><\/p>\n","protected":false},"author":6,"featured_media":312886,"comment_status":"closed","ping_status":"open","sticky":false,"template":"Default","format":"standard","meta":{"footnotes":""},"categories":[14],"tags":[],"class_list":["post-312885","post","type-post","status-publish","format-standard","has-post-thumbnail","hentry","category-frandroid"],"_links":{"self":[{"href":"https:\/\/www.evearly.news\/fr\/wp-json\/wp\/v2\/posts\/312885","targetHints":{"allow":["GET"]}}],"collection":[{"href":"https:\/\/www.evearly.news\/fr\/wp-json\/wp\/v2\/posts"}],"about":[{"href":"https:\/\/www.evearly.news\/fr\/wp-json\/wp\/v2\/types\/post"}],"author":[{"embeddable":true,"href":"https:\/\/www.evearly.news\/fr\/wp-json\/wp\/v2\/users\/6"}],"replies":[{"embeddable":true,"href":"https:\/\/www.evearly.news\/fr\/wp-json\/wp\/v2\/comments?post=312885"}],"version-history":[{"count":0,"href":"https:\/\/www.evearly.news\/fr\/wp-json\/wp\/v2\/posts\/312885\/revisions"}],"wp:featuredmedia":[{"embeddable":true,"href":"https:\/\/www.evearly.news\/fr\/wp-json\/wp\/v2\/media\/312886"}],"wp:attachment":[{"href":"https:\/\/www.evearly.news\/fr\/wp-json\/wp\/v2\/media?parent=312885"}],"wp:term":[{"taxonomy":"category","embeddable":true,"href":"https:\/\/www.evearly.news\/fr\/wp-json\/wp\/v2\/categories?post=312885"},{"taxonomy":"post_tag","embeddable":true,"href":"https:\/\/www.evearly.news\/fr\/wp-json\/wp\/v2\/tags?post=312885"}],"curies":[{"name":"wp","href":"https:\/\/api.w.org\/{rel}","templated":true}]}}