{"id":312893,"date":"2025-11-27T14:50:38","date_gmt":"2025-11-27T13:50:38","guid":{"rendered":"https:\/\/www.evearly.news\/fr\/bmw-veut-recycler-une-vieille-technologie-pour-booster-lautonomie-de-ses-voitures-electriques\/"},"modified":"2025-11-27T14:50:38","modified_gmt":"2025-11-27T13:50:38","slug":"bmw-veut-recycler-une-vieille-technologie-pour-booster-lautonomie-de-ses-voitures-electriques","status":"publish","type":"post","link":"https:\/\/www.evearly.news\/fr\/bmw-veut-recycler-une-vieille-technologie-pour-booster-lautonomie-de-ses-voitures-electriques\/","title":{"rendered":"BMW veut recycler une vieille technologie pour booster l\u2019autonomie de ses voitures \u00e9lectriques"},"content":{"rendered":"<p><img width=\"1200\" height=\"675\" src=\"https:\/\/www.evearly.news\/fr\/wp-content\/uploads\/sites\/6\/2025\/11\/bmw-veut-recycler-une-vieille-technologie-pour-booster-lautonomie-de-ses-voitures-electriques.jpg\" class=\"attachment-full size-full wp-post-image\" alt=\"\" decoding=\"async\" loading=\"lazy\" \/<br \/>\nLanc\u00e9e puis abandonn\u00e9e quelques ann\u00e9es apr\u00e8s sur sa petite i3, BMW pourrait relancer l&rsquo;\u00e9lectrique \u00e0 prolongateur d&rsquo;autonomie en Chine sur ses mod\u00e8les les plus haut de gamme afin de faire face \u00e0 la concurrence locale. De quoi d\u00e9passer les 1 000 km d&rsquo;autonomie.<br \/>\n <a href=https:\/\/www.frandroid.com\/marques\/bmw\/2888213_bmw-veut-recycler-une-vieille-technologie-pour-booster-lautonomie-de-ses-voitures-electriques target='blank'>Lire la suite&#8230;<\/a><\/p>\n","protected":false},"excerpt":{"rendered":"<p>&lt;img width=&quot;1200&quot; height=&quot;675&quot; src=&quot;https:\/\/www.evearly.news\/fr\/wp-content\/uploads\/sites\/6\/2025\/11\/bmw-veut-recycler-une-vieille-technologie-pour-booster-lautonomie-de-ses-voitures-electriques.jpg&quot; class=&quot;attachment-full size-full wp-post-image&quot; alt=&quot;&quot; decoding=&quot;async&quot; loading=&quot;lazy&quot; \/<br \/>\nLanc\u00e9e puis abandonn\u00e9e quelques ann\u00e9es apr\u00e8s sur sa petite i3, BMW pourrait relancer l&rsquo;\u00e9lectrique \u00e0 prolongateur d&rsquo;autonomie en Chine sur ses mod\u00e8les les plus haut de gamme afin de faire face \u00e0 la concurrence locale. De quoi d\u00e9passer les 1 000 km d&rsquo;autonomie.\n<\/p>\n<p> <a class=\"continue-reading-link\" href=\"https:\/\/www.evearly.news\/fr\/bmw-veut-recycler-une-vieille-technologie-pour-booster-lautonomie-de-ses-voitures-electriques\/\"><\/a><\/p>\n","protected":false},"author":6,"featured_media":312894,"comment_status":"closed","ping_status":"open","sticky":false,"template":"Default","format":"standard","meta":{"footnotes":""},"categories":[14],"tags":[],"class_list":["post-312893","post","type-post","status-publish","format-standard","has-post-thumbnail","hentry","category-frandroid"],"_links":{"self":[{"href":"https:\/\/www.evearly.news\/fr\/wp-json\/wp\/v2\/posts\/312893","targetHints":{"allow":["GET"]}}],"collection":[{"href":"https:\/\/www.evearly.news\/fr\/wp-json\/wp\/v2\/posts"}],"about":[{"href":"https:\/\/www.evearly.news\/fr\/wp-json\/wp\/v2\/types\/post"}],"author":[{"embeddable":true,"href":"https:\/\/www.evearly.news\/fr\/wp-json\/wp\/v2\/users\/6"}],"replies":[{"embeddable":true,"href":"https:\/\/www.evearly.news\/fr\/wp-json\/wp\/v2\/comments?post=312893"}],"version-history":[{"count":0,"href":"https:\/\/www.evearly.news\/fr\/wp-json\/wp\/v2\/posts\/312893\/revisions"}],"wp:featuredmedia":[{"embeddable":true,"href":"https:\/\/www.evearly.news\/fr\/wp-json\/wp\/v2\/media\/312894"}],"wp:attachment":[{"href":"https:\/\/www.evearly.news\/fr\/wp-json\/wp\/v2\/media?parent=312893"}],"wp:term":[{"taxonomy":"category","embeddable":true,"href":"https:\/\/www.evearly.news\/fr\/wp-json\/wp\/v2\/categories?post=312893"},{"taxonomy":"post_tag","embeddable":true,"href":"https:\/\/www.evearly.news\/fr\/wp-json\/wp\/v2\/tags?post=312893"}],"curies":[{"name":"wp","href":"https:\/\/api.w.org\/{rel}","templated":true}]}}