{"id":312895,"date":"2025-11-27T15:02:52","date_gmt":"2025-11-27T14:02:52","guid":{"rendered":"https:\/\/www.evearly.news\/fr\/superchargeurs-tesla-164-voitures-electriques-peuvent-se-recharger-en-meme-temps-dans-cette-mega-station\/"},"modified":"2025-11-27T15:02:52","modified_gmt":"2025-11-27T14:02:52","slug":"superchargeurs-tesla-164-voitures-electriques-peuvent-se-recharger-en-meme-temps-dans-cette-mega-station","status":"publish","type":"post","link":"https:\/\/www.evearly.news\/fr\/superchargeurs-tesla-164-voitures-electriques-peuvent-se-recharger-en-meme-temps-dans-cette-mega-station\/","title":{"rendered":"Superchargeurs Tesla : 164 voitures \u00e9lectriques peuvent se recharger en m\u00eame temps dans cette m\u00e9ga-station"},"content":{"rendered":"<p><img decoding=\"async\" width=\"500\" height=\"333\" src=\"https:\/\/www.evearly.news\/fr\/wp-content\/uploads\/sites\/6\/2025\/11\/superchargeurs-tesla-164-voitures-electriques-peuvent-se-recharger-en-meme-temps-dans-cette-mega-station.webp\" class=\"attachment-1200x800 size-1200x800 wp-post-image\" alt=\"\" loading=\"lazy\" srcset=\"https:\/\/www.evearly.news\/fr\/wp-content\/uploads\/sites\/6\/2025\/11\/superchargeurs-tesla-164-voitures-electriques-peuvent-se-recharger-en-meme-temps-dans-cette-mega-station.webp 1600w, https:\/\/www.evearly.news\/fr\/wp-content\/uploads\/sites\/6\/2025\/11\/superchargeurs-tesla-164-voitures-electriques-peuvent-se-recharger-en-meme-temps-dans-cette-mega-station-1.webp 1024w, https:\/\/www.evearly.news\/fr\/wp-content\/uploads\/sites\/6\/2025\/11\/superchargeurs-tesla-164-voitures-electriques-peuvent-se-recharger-en-meme-temps-dans-cette-mega-station-2.webp 768w, https:\/\/www.evearly.news\/fr\/wp-content\/uploads\/sites\/6\/2025\/11\/superchargeurs-tesla-164-voitures-electriques-peuvent-se-recharger-en-meme-temps-dans-cette-mega-station-3.webp 1536w, https:\/\/www.evearly.news\/fr\/wp-content\/uploads\/sites\/6\/2025\/11\/superchargeurs-tesla-164-voitures-electriques-peuvent-se-recharger-en-meme-temps-dans-cette-mega-station-4.webp 700w, https:\/\/cdn.automobile-propre.com\/uploads\/2025\/11\/img_0663-960x581.webp 960w\" sizes=\"auto, (max-width: 1200px) 100vw, 1200px\" \/><br \/>\nLe plus grand site de Superchargeurs de Tesla est d\u00e9sormais en service. Une gigantesque station situ\u00e9e \u00e0 mi-chemin entre San\u2026\u00a0<a href=https:\/\/www.automobile-propre.com\/articles\/tesla-oasis-164-voitures-electriques-peuvent-se-brancher-en-meme-temps-sur-cet-enorme-parc\/ target='bwindow'>Lire la suite&#8230;<\/a><\/p>\n","protected":false},"excerpt":{"rendered":"<p>&#8230; <a class=\"continue-reading-link\" href=\"https:\/\/www.evearly.news\/fr\/superchargeurs-tesla-164-voitures-electriques-peuvent-se-recharger-en-meme-temps-dans-cette-mega-station\/\"><\/a><\/p>\n","protected":false},"author":8,"featured_media":312896,"comment_status":"closed","ping_status":"open","sticky":false,"template":"Default","format":"standard","meta":{"footnotes":""},"categories":[8],"tags":[],"class_list":["post-312895","post","type-post","status-publish","format-standard","has-post-thumbnail","hentry","category-automobile-propre"],"_links":{"self":[{"href":"https:\/\/www.evearly.news\/fr\/wp-json\/wp\/v2\/posts\/312895","targetHints":{"allow":["GET"]}}],"collection":[{"href":"https:\/\/www.evearly.news\/fr\/wp-json\/wp\/v2\/posts"}],"about":[{"href":"https:\/\/www.evearly.news\/fr\/wp-json\/wp\/v2\/types\/post"}],"author":[{"embeddable":true,"href":"https:\/\/www.evearly.news\/fr\/wp-json\/wp\/v2\/users\/8"}],"replies":[{"embeddable":true,"href":"https:\/\/www.evearly.news\/fr\/wp-json\/wp\/v2\/comments?post=312895"}],"version-history":[{"count":0,"href":"https:\/\/www.evearly.news\/fr\/wp-json\/wp\/v2\/posts\/312895\/revisions"}],"wp:featuredmedia":[{"embeddable":true,"href":"https:\/\/www.evearly.news\/fr\/wp-json\/wp\/v2\/media\/312896"}],"wp:attachment":[{"href":"https:\/\/www.evearly.news\/fr\/wp-json\/wp\/v2\/media?parent=312895"}],"wp:term":[{"taxonomy":"category","embeddable":true,"href":"https:\/\/www.evearly.news\/fr\/wp-json\/wp\/v2\/categories?post=312895"},{"taxonomy":"post_tag","embeddable":true,"href":"https:\/\/www.evearly.news\/fr\/wp-json\/wp\/v2\/tags?post=312895"}],"curies":[{"name":"wp","href":"https:\/\/api.w.org\/{rel}","templated":true}]}}