{"id":312897,"date":"2025-11-27T16:02:01","date_gmt":"2025-11-27T15:02:01","guid":{"rendered":"https:\/\/www.evearly.news\/fr\/actualite-des-voitures-electriques-moins-cheres-en-2026-nouvelle-augmentation-du-bonus-ecologique\/"},"modified":"2025-11-27T16:02:01","modified_gmt":"2025-11-27T15:02:01","slug":"actualite-des-voitures-electriques-moins-cheres-en-2026-nouvelle-augmentation-du-bonus-ecologique","status":"publish","type":"post","link":"https:\/\/www.evearly.news\/fr\/actualite-des-voitures-electriques-moins-cheres-en-2026-nouvelle-augmentation-du-bonus-ecologique\/","title":{"rendered":"Actualit\u00e9 : Des voitures \u00e9lectriques moins ch\u00e8res en 2026\u00a0: nouvelle augmentation du bonus \u00e9cologique"},"content":{"rendered":"<p><img src='https:\/\/www.evearly.news\/fr\/wp-content\/uploads\/sites\/6\/2025\/11\/actualite-des-voitures-electriques-moins-cheres-en-2026-nouvelle-augmentation-du-bonus-ecologique.jpg' alt='Les Num\u00e9riques' \/>Le bonus \u00e9cologique, appel\u00e9 depuis cette ann\u00e9e le \u201ccoup de pouce v\u00e9hicules particuliers \u00e9lectriques\u201d, est renouvel\u00e9 pour 2026, avec une bonne nouvelle pour le portefeuille des Fran\u00e7ais. <a href=https:\/\/www.lesnumeriques.com\/voiture-electrique\/des-voitures-electriques-moins-cheres-en-2026-nouvelle-augmentation-du-bonus-ecologique-n246875.html target='bwindow'>Lire la suite&#8230;<\/a><\/p>\n","protected":false},"excerpt":{"rendered":"<p>Le bonus \u00e9cologique, appel\u00e9 depuis cette ann\u00e9e le \u201ccoup de pouce v\u00e9hicules particuliers \u00e9lectriques\u201d, est renouvel\u00e9 pour 2026, avec une bonne nouvelle pour le portefeuille des Fran\u00e7ais&#8230;. <a class=\"continue-reading-link\" href=\"https:\/\/www.evearly.news\/fr\/actualite-des-voitures-electriques-moins-cheres-en-2026-nouvelle-augmentation-du-bonus-ecologique\/\"><\/a><\/p>\n","protected":false},"author":15,"featured_media":312898,"comment_status":"closed","ping_status":"open","sticky":false,"template":"Default","format":"standard","meta":{"footnotes":""},"categories":[16],"tags":[],"class_list":["post-312897","post","type-post","status-publish","format-standard","has-post-thumbnail","hentry","category-lesnumeriques"],"_links":{"self":[{"href":"https:\/\/www.evearly.news\/fr\/wp-json\/wp\/v2\/posts\/312897","targetHints":{"allow":["GET"]}}],"collection":[{"href":"https:\/\/www.evearly.news\/fr\/wp-json\/wp\/v2\/posts"}],"about":[{"href":"https:\/\/www.evearly.news\/fr\/wp-json\/wp\/v2\/types\/post"}],"author":[{"embeddable":true,"href":"https:\/\/www.evearly.news\/fr\/wp-json\/wp\/v2\/users\/15"}],"replies":[{"embeddable":true,"href":"https:\/\/www.evearly.news\/fr\/wp-json\/wp\/v2\/comments?post=312897"}],"version-history":[{"count":0,"href":"https:\/\/www.evearly.news\/fr\/wp-json\/wp\/v2\/posts\/312897\/revisions"}],"wp:featuredmedia":[{"embeddable":true,"href":"https:\/\/www.evearly.news\/fr\/wp-json\/wp\/v2\/media\/312898"}],"wp:attachment":[{"href":"https:\/\/www.evearly.news\/fr\/wp-json\/wp\/v2\/media?parent=312897"}],"wp:term":[{"taxonomy":"category","embeddable":true,"href":"https:\/\/www.evearly.news\/fr\/wp-json\/wp\/v2\/categories?post=312897"},{"taxonomy":"post_tag","embeddable":true,"href":"https:\/\/www.evearly.news\/fr\/wp-json\/wp\/v2\/tags?post=312897"}],"curies":[{"name":"wp","href":"https:\/\/api.w.org\/{rel}","templated":true}]}}