{"id":312917,"date":"2025-11-27T17:47:22","date_gmt":"2025-11-27T16:47:22","guid":{"rendered":"https:\/\/www.evearly.news\/fr\/le-nouveau-gros-suv-electrique-de-porsche-accelere-plus-fort-que-son-ancienne-supercar\/"},"modified":"2025-11-27T17:47:22","modified_gmt":"2025-11-27T16:47:22","slug":"le-nouveau-gros-suv-electrique-de-porsche-accelere-plus-fort-que-son-ancienne-supercar","status":"publish","type":"post","link":"https:\/\/www.evearly.news\/fr\/le-nouveau-gros-suv-electrique-de-porsche-accelere-plus-fort-que-son-ancienne-supercar\/","title":{"rendered":"Le nouveau gros SUV \u00e9lectrique de Porsche acc\u00e9l\u00e8re plus fort que son ancienne supercar"},"content":{"rendered":"<p><img decoding=\"async\" src=\"https:\/\/www.evearly.news\/fr\/wp-content\/uploads\/sites\/6\/2025\/11\/le-nouveau-gros-suv-electrique-de-porsche-accelere-plus-fort-que-son-ancienne-supercar.jpg\" alt=\"caradisiac\" ><br \/>Les puristes ne feront pas attention \u00e0 ce d\u00e9tail mais le nouveau Porsche Cayenne \u00e9lectrique bondit plus fort que l\u2019ancienne supercar 918 Spyder sur l\u2019exercice du 0 \u00e0 100\u00a0km\/h. Se catapulter en ligne droite, c\u2019est si facile avec une voiture \u00e9lectrique de plus de 1\u00a0000 chevaux\u00a0! <a href=https:\/\/www.caradisiac.com\/le-nouveau-gros-suv-electrique-de-porsche-accelere-plus-fort-que-son-ancienne-supercar-219024.htm#xtor=RSS-40 target=blank>Lire la suite&#8230;<\/a><\/p>\n","protected":false},"excerpt":{"rendered":"<p><img decoding=\"async\" src=\"https:\/\/www.evearly.news\/fr\/wp-content\/uploads\/sites\/6\/2025\/11\/le-nouveau-gros-suv-electrique-de-porsche-accelere-plus-fort-que-son-ancienne-supercar.jpg\" alt=\"caradisiac\"><br \/>Les puristes ne feront pas attention \u00e0 ce d\u00e9tail mais le nouveau Porsche Cayenne \u00e9lectrique bondit plus fort que l\u2019ancienne supercar 918 Spyder sur l\u2019exercice du 0 \u00e0 100\u00a0km\/h. Se catapulter en ligne droite, c\u2019est si facile avec une voiture \u00e9lectrique de plus de 1\u00a0000 chevaux\u00a0!<\/p>\n<p> <a class=\"continue-reading-link\" href=\"https:\/\/www.evearly.news\/fr\/le-nouveau-gros-suv-electrique-de-porsche-accelere-plus-fort-que-son-ancienne-supercar\/\"><\/a><\/p>\n","protected":false},"author":11,"featured_media":312918,"comment_status":"closed","ping_status":"open","sticky":false,"template":"Default","format":"standard","meta":{"footnotes":""},"categories":[11],"tags":[],"class_list":["post-312917","post","type-post","status-publish","format-standard","has-post-thumbnail","hentry","category-caradisiac"],"_links":{"self":[{"href":"https:\/\/www.evearly.news\/fr\/wp-json\/wp\/v2\/posts\/312917","targetHints":{"allow":["GET"]}}],"collection":[{"href":"https:\/\/www.evearly.news\/fr\/wp-json\/wp\/v2\/posts"}],"about":[{"href":"https:\/\/www.evearly.news\/fr\/wp-json\/wp\/v2\/types\/post"}],"author":[{"embeddable":true,"href":"https:\/\/www.evearly.news\/fr\/wp-json\/wp\/v2\/users\/11"}],"replies":[{"embeddable":true,"href":"https:\/\/www.evearly.news\/fr\/wp-json\/wp\/v2\/comments?post=312917"}],"version-history":[{"count":0,"href":"https:\/\/www.evearly.news\/fr\/wp-json\/wp\/v2\/posts\/312917\/revisions"}],"wp:featuredmedia":[{"embeddable":true,"href":"https:\/\/www.evearly.news\/fr\/wp-json\/wp\/v2\/media\/312918"}],"wp:attachment":[{"href":"https:\/\/www.evearly.news\/fr\/wp-json\/wp\/v2\/media?parent=312917"}],"wp:term":[{"taxonomy":"category","embeddable":true,"href":"https:\/\/www.evearly.news\/fr\/wp-json\/wp\/v2\/categories?post=312917"},{"taxonomy":"post_tag","embeddable":true,"href":"https:\/\/www.evearly.news\/fr\/wp-json\/wp\/v2\/tags?post=312917"}],"curies":[{"name":"wp","href":"https:\/\/api.w.org\/{rel}","templated":true}]}}