{"id":312919,"date":"2025-11-27T21:55:25","date_gmt":"2025-11-27T20:55:25","guid":{"rendered":"https:\/\/www.evearly.news\/fr\/le-royaume-uni-veut-relancer-les-ventes-de-voitures-electriques-tout-en-les-taxant-davantage\/"},"modified":"2025-11-27T21:55:25","modified_gmt":"2025-11-27T20:55:25","slug":"le-royaume-uni-veut-relancer-les-ventes-de-voitures-electriques-tout-en-les-taxant-davantage","status":"publish","type":"post","link":"https:\/\/www.evearly.news\/fr\/le-royaume-uni-veut-relancer-les-ventes-de-voitures-electriques-tout-en-les-taxant-davantage\/","title":{"rendered":"Le Royaume-Uni veut relancer les ventes de voitures \u00e9lectriques\u2026 tout en les taxant davantage"},"content":{"rendered":"<div class=\"media_block\"><img decoding=\"async\" src=\"https:\/\/www.evearly.news\/fr\/wp-content\/uploads\/sites\/6\/2025\/11\/le-royaume-uni-veut-relancer-les-ventes-de-voitures-electriques-tout-en-les-taxant-davantage.jpg\"><\/div>\n<p>Le Royaume-Uni mise sur un double jeu pour acc\u00e9l\u00e9rer la transition \u00e9lectrique : 1,3 milliard de livres suppl\u00e9mentaires pour les aides \u00e0 l\u2019achat et les bornes, mais une taxe au kilom\u00e8tre mise en place \u00e0 partir de 2028 \u00e9quivalente \u00e0 3,5 centimes d&rsquo;euros par 1,6 km parcourus (3 pence\/mile) pour les voitures \u00e9lectriques. Cette taxe est cens\u00e9 compenser la perte des recettes en carburant au fur et \u00e0 mesure que le parc \u00ab\u00a0z\u00e9ro \u00e9mission\u00a0\u00bb grandit, au risque de freiner 440 000 ventes d\u2019ici 2031. Un pari risqu\u00e9 face a une demande h\u00e9sitante. <a href=https:\/\/www.automobile-magazine.fr\/voitures-electriques\/article\/50262-le-royaume-uni-veut-relancer-les-ventes-de-voitures-electriques-tout-en-les-taxant-davantage target='bwindow'>Lire la suite&#8230;<\/a><\/p>\n","protected":false},"excerpt":{"rendered":"<div class=\"media_block\"><img decoding=\"async\" src=\"https:\/\/www.evearly.news\/fr\/wp-content\/uploads\/sites\/6\/2025\/11\/le-royaume-uni-veut-relancer-les-ventes-de-voitures-electriques-tout-en-les-taxant-davantage.jpg\"><\/div>\n<p> <a class=\"continue-reading-link\" href=\"https:\/\/www.evearly.news\/fr\/le-royaume-uni-veut-relancer-les-ventes-de-voitures-electriques-tout-en-les-taxant-davantage\/\"><\/a><\/p>\n","protected":false},"author":7,"featured_media":312920,"comment_status":"closed","ping_status":"open","sticky":false,"template":"Default","format":"standard","meta":{"footnotes":""},"categories":[7],"tags":[],"class_list":["post-312919","post","type-post","status-publish","format-standard","has-post-thumbnail","hentry","category-automobile-magazine"],"_links":{"self":[{"href":"https:\/\/www.evearly.news\/fr\/wp-json\/wp\/v2\/posts\/312919","targetHints":{"allow":["GET"]}}],"collection":[{"href":"https:\/\/www.evearly.news\/fr\/wp-json\/wp\/v2\/posts"}],"about":[{"href":"https:\/\/www.evearly.news\/fr\/wp-json\/wp\/v2\/types\/post"}],"author":[{"embeddable":true,"href":"https:\/\/www.evearly.news\/fr\/wp-json\/wp\/v2\/users\/7"}],"replies":[{"embeddable":true,"href":"https:\/\/www.evearly.news\/fr\/wp-json\/wp\/v2\/comments?post=312919"}],"version-history":[{"count":0,"href":"https:\/\/www.evearly.news\/fr\/wp-json\/wp\/v2\/posts\/312919\/revisions"}],"wp:featuredmedia":[{"embeddable":true,"href":"https:\/\/www.evearly.news\/fr\/wp-json\/wp\/v2\/media\/312920"}],"wp:attachment":[{"href":"https:\/\/www.evearly.news\/fr\/wp-json\/wp\/v2\/media?parent=312919"}],"wp:term":[{"taxonomy":"category","embeddable":true,"href":"https:\/\/www.evearly.news\/fr\/wp-json\/wp\/v2\/categories?post=312919"},{"taxonomy":"post_tag","embeddable":true,"href":"https:\/\/www.evearly.news\/fr\/wp-json\/wp\/v2\/tags?post=312919"}],"curies":[{"name":"wp","href":"https:\/\/api.w.org\/{rel}","templated":true}]}}