{"id":312925,"date":"2025-11-28T09:05:25","date_gmt":"2025-11-28T08:05:25","guid":{"rendered":"https:\/\/www.evearly.news\/fr\/on-a-vu-3-petites-voitures-electriques-abordables-au-japon-qui-pourraient-arriver-en-europe-2\/"},"modified":"2025-11-28T09:05:25","modified_gmt":"2025-11-28T08:05:25","slug":"on-a-vu-3-petites-voitures-electriques-abordables-au-japon-qui-pourraient-arriver-en-europe-2","status":"publish","type":"post","link":"https:\/\/www.evearly.news\/fr\/on-a-vu-3-petites-voitures-electriques-abordables-au-japon-qui-pourraient-arriver-en-europe-2\/","title":{"rendered":"On a vu 3 petites voitures \u00e9lectriques abordables au Japon qui pourraient arriver en Europe"},"content":{"rendered":"<p><img width=\"1200\" height=\"675\" src=\"https:\/\/c0.lestechnophiles.com\/images.frandroid.com\/wp-content\/uploads\/2025\/11\/byd-racco.jpeg?resize=1200,675&#038;key=7d5776cf&#038;watermark\" class=\"attachment-full size-full wp-post-image\" alt=\"\" decoding=\"async\" loading=\"lazy\" \/<br \/>\nNous avons pu voir trois voitures \u00e9lectriques ultra compactes au Japon, sign\u00e9 BYD, Suzuki et Honda. Des kei-cars qui pourraient bien arriver en Europe gr\u00e2ce \u00e0 la nouvelle r\u00e9glementation.<br \/>\n <a href=https:\/\/www.frandroid.com\/marques\/honda\/2889059_on-a-vu-3-petites-voitures-electriques-abordables-au-japon-qui-pourraient-arriver-en-europe target='blank'>Lire la suite&#8230;<\/a><\/p>\n","protected":false},"excerpt":{"rendered":"<p>&lt;img width=&quot;1200&quot; height=&quot;675&quot; src=&quot;https:\/\/c0.lestechnophiles.com\/images.frandroid.com\/wp-content\/uploads\/2025\/11\/byd-racco.jpeg?resize=1200,675&amp;key=7d5776cf&amp;watermark&quot; class=&quot;attachment-full size-full wp-post-image&quot; alt=&quot;&quot; decoding=&quot;async&quot; loading=&quot;lazy&quot; \/<br \/>\nNous avons pu voir trois voitures \u00e9lectriques ultra compactes au Japon, sign\u00e9 BYD, Suzuki et Honda. Des kei-cars qui pourraient bien arriver en Europe gr\u00e2ce \u00e0 la nouvelle r\u00e9glementation.\n<\/p>\n<p> <a class=\"continue-reading-link\" href=\"https:\/\/www.evearly.news\/fr\/on-a-vu-3-petites-voitures-electriques-abordables-au-japon-qui-pourraient-arriver-en-europe-2\/\"><\/a><\/p>\n","protected":false},"author":6,"featured_media":312927,"comment_status":"closed","ping_status":"open","sticky":false,"template":"Default","format":"standard","meta":{"footnotes":""},"categories":[14],"tags":[],"class_list":["post-312925","post","type-post","status-publish","format-standard","has-post-thumbnail","hentry","category-frandroid"],"_links":{"self":[{"href":"https:\/\/www.evearly.news\/fr\/wp-json\/wp\/v2\/posts\/312925","targetHints":{"allow":["GET"]}}],"collection":[{"href":"https:\/\/www.evearly.news\/fr\/wp-json\/wp\/v2\/posts"}],"about":[{"href":"https:\/\/www.evearly.news\/fr\/wp-json\/wp\/v2\/types\/post"}],"author":[{"embeddable":true,"href":"https:\/\/www.evearly.news\/fr\/wp-json\/wp\/v2\/users\/6"}],"replies":[{"embeddable":true,"href":"https:\/\/www.evearly.news\/fr\/wp-json\/wp\/v2\/comments?post=312925"}],"version-history":[{"count":0,"href":"https:\/\/www.evearly.news\/fr\/wp-json\/wp\/v2\/posts\/312925\/revisions"}],"wp:featuredmedia":[{"embeddable":true,"href":"https:\/\/www.evearly.news\/fr\/wp-json\/wp\/v2\/media\/312927"}],"wp:attachment":[{"href":"https:\/\/www.evearly.news\/fr\/wp-json\/wp\/v2\/media?parent=312925"}],"wp:term":[{"taxonomy":"category","embeddable":true,"href":"https:\/\/www.evearly.news\/fr\/wp-json\/wp\/v2\/categories?post=312925"},{"taxonomy":"post_tag","embeddable":true,"href":"https:\/\/www.evearly.news\/fr\/wp-json\/wp\/v2\/tags?post=312925"}],"curies":[{"name":"wp","href":"https:\/\/api.w.org\/{rel}","templated":true}]}}