{"id":312933,"date":"2025-11-28T11:00:06","date_gmt":"2025-11-28T10:00:06","guid":{"rendered":"https:\/\/www.evearly.news\/fr\/on-a-pris-le-volant-de-la-future-cupra-raval-premiere-citadine-100-electrique-sur-la-nouvelle-plateforme-du-groupe-vw\/"},"modified":"2025-11-28T11:00:06","modified_gmt":"2025-11-28T10:00:06","slug":"on-a-pris-le-volant-de-la-future-cupra-raval-premiere-citadine-100-electrique-sur-la-nouvelle-plateforme-du-groupe-vw","status":"publish","type":"post","link":"https:\/\/www.evearly.news\/fr\/on-a-pris-le-volant-de-la-future-cupra-raval-premiere-citadine-100-electrique-sur-la-nouvelle-plateforme-du-groupe-vw\/","title":{"rendered":"On a pris le volant de la future Cupra Raval, premi\u00e8re citadine 100% \u00e9lectrique sur la nouvelle plateforme du groupe VW !"},"content":{"rendered":"<p><img decoding=\"async\" src=\"https:\/\/www.evearly.news\/fr\/wp-content\/uploads\/sites\/6\/2025\/11\/on-a-pris-le-volant-de-la-future-cupra-raval-premiere-citadine-100-electrique-sur-la-nouvelle-plateforme-du-groupe-vw.webp\" alt=\"auto-moto\"><br \/>Quelques mois avant sa pr\u00e9sentation officielle, la Cupra Raval nous a laiss\u00e9 son volant sur les routes exigeantes autour de son usine de Martorell, en Espagne. L\u2019occasion de d\u00e9couvrir le travail effectu\u00e9 par les ing\u00e9nieurs, qui ont mis au point un ch\u00e2ssis aux petits oignons pour cette nouvelle famille de citadines \u00e9lectriques. <a href=https:\/\/www.auto-moto.com\/electrique\/essai-cupra-raval-camoufle-66505 target=blank>Lire la suite&#8230;<\/a><\/p>\n","protected":false},"excerpt":{"rendered":"<p>Quelques mois avant sa pr\u00e9sentation officielle, la Cupra Raval nous a laiss\u00e9 son volant sur les routes exigeantes autour de son usine de Martorell, en Espagne. L\u2019occasion de d\u00e9couvrir le travail effectu\u00e9 par les ing\u00e9nieurs, qui ont mis au point un ch\u00e2ssis aux petits oignons pour cette nouvelle famille de citadines&#8230; <a class=\"continue-reading-link\" href=\"https:\/\/www.evearly.news\/fr\/on-a-pris-le-volant-de-la-future-cupra-raval-premiere-citadine-100-electrique-sur-la-nouvelle-plateforme-du-groupe-vw\/\"><\/a><\/p>\n","protected":false},"author":9,"featured_media":312934,"comment_status":"closed","ping_status":"open","sticky":false,"template":"Default","format":"standard","meta":{"footnotes":""},"categories":[10],"tags":[],"class_list":["post-312933","post","type-post","status-publish","format-standard","has-post-thumbnail","hentry","category-auto-moto-com"],"_links":{"self":[{"href":"https:\/\/www.evearly.news\/fr\/wp-json\/wp\/v2\/posts\/312933","targetHints":{"allow":["GET"]}}],"collection":[{"href":"https:\/\/www.evearly.news\/fr\/wp-json\/wp\/v2\/posts"}],"about":[{"href":"https:\/\/www.evearly.news\/fr\/wp-json\/wp\/v2\/types\/post"}],"author":[{"embeddable":true,"href":"https:\/\/www.evearly.news\/fr\/wp-json\/wp\/v2\/users\/9"}],"replies":[{"embeddable":true,"href":"https:\/\/www.evearly.news\/fr\/wp-json\/wp\/v2\/comments?post=312933"}],"version-history":[{"count":0,"href":"https:\/\/www.evearly.news\/fr\/wp-json\/wp\/v2\/posts\/312933\/revisions"}],"wp:featuredmedia":[{"embeddable":true,"href":"https:\/\/www.evearly.news\/fr\/wp-json\/wp\/v2\/media\/312934"}],"wp:attachment":[{"href":"https:\/\/www.evearly.news\/fr\/wp-json\/wp\/v2\/media?parent=312933"}],"wp:term":[{"taxonomy":"category","embeddable":true,"href":"https:\/\/www.evearly.news\/fr\/wp-json\/wp\/v2\/categories?post=312933"},{"taxonomy":"post_tag","embeddable":true,"href":"https:\/\/www.evearly.news\/fr\/wp-json\/wp\/v2\/tags?post=312933"}],"curies":[{"name":"wp","href":"https:\/\/api.w.org\/{rel}","templated":true}]}}