{"id":312935,"date":"2025-11-28T11:18:45","date_gmt":"2025-11-28T10:18:45","guid":{"rendered":"https:\/\/www.evearly.news\/fr\/voici-letat-de-la-batterie-dune-tesla-model-s-apres-10-ans-dutilisation-et-121-000-km-un-chiffre-impressionnant\/"},"modified":"2025-11-28T11:18:45","modified_gmt":"2025-11-28T10:18:45","slug":"voici-letat-de-la-batterie-dune-tesla-model-s-apres-10-ans-dutilisation-et-121-000-km-un-chiffre-impressionnant","status":"publish","type":"post","link":"https:\/\/www.evearly.news\/fr\/voici-letat-de-la-batterie-dune-tesla-model-s-apres-10-ans-dutilisation-et-121-000-km-un-chiffre-impressionnant\/","title":{"rendered":"Voici l\u2019\u00e9tat de la batterie d\u2019une Tesla Model S apr\u00e8s 10 ans d\u2019utilisation et 121 000 km : un chiffre impressionnant"},"content":{"rendered":"<p><img loading=\"lazy\" width=\"1200\" height=\"675\" src=\"https:\/\/www.evearly.news\/fr\/wp-content\/uploads\/sites\/6\/2025\/11\/voici-letat-de-la-batterie-dune-tesla-model-s-apres-10-ans-dutilisation-et-121-000-km-un-chiffre-impressionnant.jpg\" class=\"attachment-full size-full wp-post-image\" alt=\"\" decoding=\"async\" \/<br \/>\nApr\u00e8s une d\u00e9cennie d&rsquo;utilisation et 121 000 kilom\u00e8tres au compteur, une Tesla Model S 70D de 2015 livre ses secrets sur la d\u00e9gradation de sa batterie. Ce test, r\u00e9alis\u00e9 de mani\u00e8re totalement ind\u00e9pendante, apporte un \u00e9clairage plus que rassurant sur la long\u00e9vit\u00e9 des voitures \u00e9lectriques.<br \/>\n <a href=https:\/\/www.frandroid.com\/marques\/tesla\/2889897_voici-letat-de-la-batterie-dune-tesla-model-s-apres-10-ans-dutilisation-et-121-000-km-un-chiffre-impressionnant target='blank'>Lire la suite&#8230;<\/a><\/p>\n","protected":false},"excerpt":{"rendered":"<p>&lt;img width=&quot;1200&quot; height=&quot;675&quot; src=&quot;https:\/\/www.evearly.news\/fr\/wp-content\/uploads\/sites\/6\/2025\/11\/voici-letat-de-la-batterie-dune-tesla-model-s-apres-10-ans-dutilisation-et-121-000-km-un-chiffre-impressionnant.jpg&quot; class=&quot;attachment-full size-full wp-post-image&quot; alt=&quot;&quot; decoding=&quot;async&quot; \/<br \/>\nApr\u00e8s une d\u00e9cennie d&rsquo;utilisation et 121 000 kilom\u00e8tres au compteur, une Tesla Model S 70D de 2015 livre ses secrets sur la d\u00e9gradation de sa batterie. Ce test, r\u00e9alis\u00e9 de mani\u00e8re totalement ind\u00e9pendante, apporte un \u00e9clairage plus que rassurant sur la long\u00e9vit\u00e9 des voitures \u00e9lectriques.\n<\/p>\n<p> <a class=\"continue-reading-link\" href=\"https:\/\/www.evearly.news\/fr\/voici-letat-de-la-batterie-dune-tesla-model-s-apres-10-ans-dutilisation-et-121-000-km-un-chiffre-impressionnant\/\"><\/a><\/p>\n","protected":false},"author":6,"featured_media":312936,"comment_status":"closed","ping_status":"open","sticky":false,"template":"Default","format":"standard","meta":{"footnotes":""},"categories":[14],"tags":[],"class_list":["post-312935","post","type-post","status-publish","format-standard","has-post-thumbnail","hentry","category-frandroid"],"_links":{"self":[{"href":"https:\/\/www.evearly.news\/fr\/wp-json\/wp\/v2\/posts\/312935","targetHints":{"allow":["GET"]}}],"collection":[{"href":"https:\/\/www.evearly.news\/fr\/wp-json\/wp\/v2\/posts"}],"about":[{"href":"https:\/\/www.evearly.news\/fr\/wp-json\/wp\/v2\/types\/post"}],"author":[{"embeddable":true,"href":"https:\/\/www.evearly.news\/fr\/wp-json\/wp\/v2\/users\/6"}],"replies":[{"embeddable":true,"href":"https:\/\/www.evearly.news\/fr\/wp-json\/wp\/v2\/comments?post=312935"}],"version-history":[{"count":0,"href":"https:\/\/www.evearly.news\/fr\/wp-json\/wp\/v2\/posts\/312935\/revisions"}],"wp:featuredmedia":[{"embeddable":true,"href":"https:\/\/www.evearly.news\/fr\/wp-json\/wp\/v2\/media\/312936"}],"wp:attachment":[{"href":"https:\/\/www.evearly.news\/fr\/wp-json\/wp\/v2\/media?parent=312935"}],"wp:term":[{"taxonomy":"category","embeddable":true,"href":"https:\/\/www.evearly.news\/fr\/wp-json\/wp\/v2\/categories?post=312935"},{"taxonomy":"post_tag","embeddable":true,"href":"https:\/\/www.evearly.news\/fr\/wp-json\/wp\/v2\/tags?post=312935"}],"curies":[{"name":"wp","href":"https:\/\/api.w.org\/{rel}","templated":true}]}}