{"id":312939,"date":"2025-11-28T11:19:45","date_gmt":"2025-11-28T10:19:45","guid":{"rendered":"https:\/\/www.evearly.news\/fr\/le-v2g-arrive-sur-2-nouvelles-voitures-electriques-pourquoi-cette-fonction-revolutionnaire-sera-benefique-pour-tous\/"},"modified":"2025-11-28T11:19:45","modified_gmt":"2025-11-28T10:19:45","slug":"le-v2g-arrive-sur-2-nouvelles-voitures-electriques-pourquoi-cette-fonction-revolutionnaire-sera-benefique-pour-tous","status":"publish","type":"post","link":"https:\/\/www.evearly.news\/fr\/le-v2g-arrive-sur-2-nouvelles-voitures-electriques-pourquoi-cette-fonction-revolutionnaire-sera-benefique-pour-tous\/","title":{"rendered":"Le V2G arrive sur 2 nouvelles voitures \u00e9lectriques : pourquoi cette fonction r\u00e9volutionnaire sera b\u00e9n\u00e9fique pour tous"},"content":{"rendered":"<p><img width=\"1200\" height=\"675\" src=\"https:\/\/www.evearly.news\/fr\/wp-content\/uploads\/sites\/6\/2025\/11\/le-v2g-arrive-sur-2-nouvelles-voitures-electriques-pourquoi-cette-fonction-revolutionnaire-sera-benefique-pour-tous.jpg\" class=\"attachment-full size-full wp-post-image\" alt=\"\" decoding=\"async\" loading=\"lazy\" \/<br \/>\nKia et Hyundai viennent d&rsquo;annoncer le lancement de la charge bidirectionnelle (V2G, pour vehicle to grid) sur ses voitures \u00e9lectriques en Europe. L&rsquo;\u00e9nergie de la batterie pourra \u00eatre renvoy\u00e9e dans le r\u00e9seau, avec une r\u00e9mun\u00e9ration pour le propri\u00e9taire.<br \/>\n <a href=https:\/\/www.frandroid.com\/marques\/hyundai\/2889823_le-v2g-arrive-sur-2-nouvelles-voitures-electriques-pourquoi-cette-fonction-revolutionnaire-sera-benefique-pour-tous target='blank'>Lire la suite&#8230;<\/a><\/p>\n","protected":false},"excerpt":{"rendered":"<p>&lt;img width=&quot;1200&quot; height=&quot;675&quot; src=&quot;https:\/\/www.evearly.news\/fr\/wp-content\/uploads\/sites\/6\/2025\/11\/le-v2g-arrive-sur-2-nouvelles-voitures-electriques-pourquoi-cette-fonction-revolutionnaire-sera-benefique-pour-tous.jpg&quot; class=&quot;attachment-full size-full wp-post-image&quot; alt=&quot;&quot; decoding=&quot;async&quot; loading=&quot;lazy&quot; \/<br \/>\nKia et Hyundai viennent d&rsquo;annoncer le lancement de la charge bidirectionnelle (V2G, pour vehicle to grid) sur ses voitures \u00e9lectriques en Europe. L&rsquo;\u00e9nergie de la batterie pourra \u00eatre renvoy\u00e9e dans le r\u00e9seau, avec une r\u00e9mun\u00e9ration pour le propri\u00e9taire.\n<\/p>\n<p> <a class=\"continue-reading-link\" href=\"https:\/\/www.evearly.news\/fr\/le-v2g-arrive-sur-2-nouvelles-voitures-electriques-pourquoi-cette-fonction-revolutionnaire-sera-benefique-pour-tous\/\"><\/a><\/p>\n","protected":false},"author":6,"featured_media":312940,"comment_status":"closed","ping_status":"open","sticky":false,"template":"Default","format":"standard","meta":{"footnotes":""},"categories":[14],"tags":[],"class_list":["post-312939","post","type-post","status-publish","format-standard","has-post-thumbnail","hentry","category-frandroid"],"_links":{"self":[{"href":"https:\/\/www.evearly.news\/fr\/wp-json\/wp\/v2\/posts\/312939","targetHints":{"allow":["GET"]}}],"collection":[{"href":"https:\/\/www.evearly.news\/fr\/wp-json\/wp\/v2\/posts"}],"about":[{"href":"https:\/\/www.evearly.news\/fr\/wp-json\/wp\/v2\/types\/post"}],"author":[{"embeddable":true,"href":"https:\/\/www.evearly.news\/fr\/wp-json\/wp\/v2\/users\/6"}],"replies":[{"embeddable":true,"href":"https:\/\/www.evearly.news\/fr\/wp-json\/wp\/v2\/comments?post=312939"}],"version-history":[{"count":0,"href":"https:\/\/www.evearly.news\/fr\/wp-json\/wp\/v2\/posts\/312939\/revisions"}],"wp:featuredmedia":[{"embeddable":true,"href":"https:\/\/www.evearly.news\/fr\/wp-json\/wp\/v2\/media\/312940"}],"wp:attachment":[{"href":"https:\/\/www.evearly.news\/fr\/wp-json\/wp\/v2\/media?parent=312939"}],"wp:term":[{"taxonomy":"category","embeddable":true,"href":"https:\/\/www.evearly.news\/fr\/wp-json\/wp\/v2\/categories?post=312939"},{"taxonomy":"post_tag","embeddable":true,"href":"https:\/\/www.evearly.news\/fr\/wp-json\/wp\/v2\/tags?post=312939"}],"curies":[{"name":"wp","href":"https:\/\/api.w.org\/{rel}","templated":true}]}}