{"id":312941,"date":"2025-11-28T11:52:20","date_gmt":"2025-11-28T10:52:20","guid":{"rendered":"https:\/\/www.evearly.news\/fr\/le-nouveau-suv-electrique-de-skoda-fait-un-carton\/"},"modified":"2025-11-28T11:52:20","modified_gmt":"2025-11-28T10:52:20","slug":"le-nouveau-suv-electrique-de-skoda-fait-un-carton","status":"publish","type":"post","link":"https:\/\/www.evearly.news\/fr\/le-nouveau-suv-electrique-de-skoda-fait-un-carton\/","title":{"rendered":"Le nouveau SUV \u00e9lectrique de Skoda fait un carton"},"content":{"rendered":"<p><img loading=\"lazy\" decoding=\"async\" width=\"500\" height=\"333\" src=\"https:\/\/www.evearly.news\/fr\/wp-content\/uploads\/sites\/6\/2025\/11\/le-nouveau-suv-electrique-de-skoda-fait-un-carton.jpg\" class=\"attachment-1200x800 size-1200x800 wp-post-image\" alt=\"100 000 Skoda Elroq\" srcset=\"https:\/\/www.evearly.news\/fr\/wp-content\/uploads\/sites\/6\/2025\/11\/le-nouveau-suv-electrique-de-skoda-fait-un-carton.jpg 1920w, https:\/\/www.evearly.news\/fr\/wp-content\/uploads\/sites\/6\/2025\/11\/le-nouveau-suv-electrique-de-skoda-fait-un-carton-1.jpg 1640w, https:\/\/www.evearly.news\/fr\/wp-content\/uploads\/sites\/6\/2025\/11\/le-nouveau-suv-electrique-de-skoda-fait-un-carton-2.jpg 1024w, https:\/\/www.evearly.news\/fr\/wp-content\/uploads\/sites\/6\/2025\/11\/le-nouveau-suv-electrique-de-skoda-fait-un-carton-3.jpg 768w, https:\/\/www.evearly.news\/fr\/wp-content\/uploads\/sites\/6\/2025\/11\/le-nouveau-suv-electrique-de-skoda-fait-un-carton-4.jpg 1536w, https:\/\/www.evearly.news\/fr\/wp-content\/uploads\/sites\/6\/2025\/11\/le-nouveau-suv-electrique-de-skoda-fait-un-carton-5.jpg 700w, https:\/\/cdn.automobile-propre.com\/uploads\/2025\/11\/100000th-all-electric-elroq-1-960x540.jpg 960w\" sizes=\"auto, (max-width: 1200px) 100vw, 1200px\" \/><br \/>\nInvit\u00e9 surprise au sommet des ventes de voitures \u00e9lectriques en Europe le mois dernier, le Skoda Elroq confirme son tr\u00e8s bon d\u00e9marrage. Il est d\u00e9sormais une des meilleures ventes de la marque tch\u00e8que.\u00a0<a href=https:\/\/www.automobile-propre.com\/breves\/le-nouveau-suv-electrique-de-skoda-fait-un-carton\/ target='bwindow'>Lire la suite&#8230;<\/a><\/p>\n","protected":false},"excerpt":{"rendered":"<p>&#8230; <a class=\"continue-reading-link\" href=\"https:\/\/www.evearly.news\/fr\/le-nouveau-suv-electrique-de-skoda-fait-un-carton\/\"><\/a><\/p>\n","protected":false},"author":8,"featured_media":312942,"comment_status":"closed","ping_status":"open","sticky":false,"template":"Default","format":"standard","meta":{"footnotes":""},"categories":[8],"tags":[],"class_list":["post-312941","post","type-post","status-publish","format-standard","has-post-thumbnail","hentry","category-automobile-propre"],"_links":{"self":[{"href":"https:\/\/www.evearly.news\/fr\/wp-json\/wp\/v2\/posts\/312941","targetHints":{"allow":["GET"]}}],"collection":[{"href":"https:\/\/www.evearly.news\/fr\/wp-json\/wp\/v2\/posts"}],"about":[{"href":"https:\/\/www.evearly.news\/fr\/wp-json\/wp\/v2\/types\/post"}],"author":[{"embeddable":true,"href":"https:\/\/www.evearly.news\/fr\/wp-json\/wp\/v2\/users\/8"}],"replies":[{"embeddable":true,"href":"https:\/\/www.evearly.news\/fr\/wp-json\/wp\/v2\/comments?post=312941"}],"version-history":[{"count":0,"href":"https:\/\/www.evearly.news\/fr\/wp-json\/wp\/v2\/posts\/312941\/revisions"}],"wp:featuredmedia":[{"embeddable":true,"href":"https:\/\/www.evearly.news\/fr\/wp-json\/wp\/v2\/media\/312942"}],"wp:attachment":[{"href":"https:\/\/www.evearly.news\/fr\/wp-json\/wp\/v2\/media?parent=312941"}],"wp:term":[{"taxonomy":"category","embeddable":true,"href":"https:\/\/www.evearly.news\/fr\/wp-json\/wp\/v2\/categories?post=312941"},{"taxonomy":"post_tag","embeddable":true,"href":"https:\/\/www.evearly.news\/fr\/wp-json\/wp\/v2\/tags?post=312941"}],"curies":[{"name":"wp","href":"https:\/\/api.w.org\/{rel}","templated":true}]}}