{"id":312945,"date":"2025-11-28T12:30:03","date_gmt":"2025-11-28T11:30:03","guid":{"rendered":"https:\/\/www.evearly.news\/fr\/cupra-raval-la-gamme-est-devoilee-un-premier-prix-vient-de-tomber-pour-la-concurrente-sportive-de-la-renault-5\/"},"modified":"2025-11-28T12:30:03","modified_gmt":"2025-11-28T11:30:03","slug":"cupra-raval-la-gamme-est-devoilee-un-premier-prix-vient-de-tomber-pour-la-concurrente-sportive-de-la-renault-5","status":"publish","type":"post","link":"https:\/\/www.evearly.news\/fr\/cupra-raval-la-gamme-est-devoilee-un-premier-prix-vient-de-tomber-pour-la-concurrente-sportive-de-la-renault-5\/","title":{"rendered":"Cupra Raval : la gamme est d\u00e9voil\u00e9e, un premier prix vient de tomber pour la concurrente sportive de la Renault 5 !"},"content":{"rendered":"<div class=\"media_block\"><img decoding=\"async\" src=\"https:\/\/www.evearly.news\/fr\/wp-content\/uploads\/sites\/6\/2025\/11\/cupra-raval-la-gamme-est-devoilee-un-premier-prix-vient-de-tomber-pour-la-concurrente-sportive-de-la-renault-5.jpg\"><\/div>\n<p>Cupra annonce les premiers d\u00e9tails de gamme sur la Raval, la citadine \u00e9lectrique qui viendra concurrencer \u00e0 la fois la Renault 5 mais aussi sa cousine Alpine A290. Le premier prix est annonc\u00e9 \u00e0 26 600 \u20ac pour l&rsquo;ib\u00e9rique, qui aura droit \u00e0 une autonomie maximale de 450 km, sup\u00e9rieure \u00e0 celle de ses concurrentes pour l&rsquo;instant vendues en Europe. <a href=https:\/\/www.automobile-magazine.fr\/voitures-electriques\/article\/50276-cupra-raval-la-gamme-est-devoilee-un-premier-prix-vient-de-tomber-pour-la-concurrente-sportive-de-la-renault-5 target='bwindow'>Lire la suite&#8230;<\/a><\/p>\n","protected":false},"excerpt":{"rendered":"<div class=\"media_block\"><img decoding=\"async\" src=\"https:\/\/www.evearly.news\/fr\/wp-content\/uploads\/sites\/6\/2025\/11\/cupra-raval-la-gamme-est-devoilee-un-premier-prix-vient-de-tomber-pour-la-concurrente-sportive-de-la-renault-5.jpg\"><\/div>\n<p> <a class=\"continue-reading-link\" href=\"https:\/\/www.evearly.news\/fr\/cupra-raval-la-gamme-est-devoilee-un-premier-prix-vient-de-tomber-pour-la-concurrente-sportive-de-la-renault-5\/\"><\/a><\/p>\n","protected":false},"author":7,"featured_media":312946,"comment_status":"closed","ping_status":"open","sticky":false,"template":"Default","format":"standard","meta":{"footnotes":""},"categories":[7],"tags":[],"class_list":["post-312945","post","type-post","status-publish","format-standard","has-post-thumbnail","hentry","category-automobile-magazine"],"_links":{"self":[{"href":"https:\/\/www.evearly.news\/fr\/wp-json\/wp\/v2\/posts\/312945","targetHints":{"allow":["GET"]}}],"collection":[{"href":"https:\/\/www.evearly.news\/fr\/wp-json\/wp\/v2\/posts"}],"about":[{"href":"https:\/\/www.evearly.news\/fr\/wp-json\/wp\/v2\/types\/post"}],"author":[{"embeddable":true,"href":"https:\/\/www.evearly.news\/fr\/wp-json\/wp\/v2\/users\/7"}],"replies":[{"embeddable":true,"href":"https:\/\/www.evearly.news\/fr\/wp-json\/wp\/v2\/comments?post=312945"}],"version-history":[{"count":0,"href":"https:\/\/www.evearly.news\/fr\/wp-json\/wp\/v2\/posts\/312945\/revisions"}],"wp:featuredmedia":[{"embeddable":true,"href":"https:\/\/www.evearly.news\/fr\/wp-json\/wp\/v2\/media\/312946"}],"wp:attachment":[{"href":"https:\/\/www.evearly.news\/fr\/wp-json\/wp\/v2\/media?parent=312945"}],"wp:term":[{"taxonomy":"category","embeddable":true,"href":"https:\/\/www.evearly.news\/fr\/wp-json\/wp\/v2\/categories?post=312945"},{"taxonomy":"post_tag","embeddable":true,"href":"https:\/\/www.evearly.news\/fr\/wp-json\/wp\/v2\/tags?post=312945"}],"curies":[{"name":"wp","href":"https:\/\/api.w.org\/{rel}","templated":true}]}}