{"id":312947,"date":"2025-11-28T12:44:35","date_gmt":"2025-11-28T11:44:35","guid":{"rendered":"https:\/\/www.evearly.news\/fr\/volkswagen-est-sur-le-point-de-lancer-4-voitures-electriques-abordables-voici-de-nouvelles-informations-sur-la-premiere-dentre-elles\/"},"modified":"2025-11-28T12:44:35","modified_gmt":"2025-11-28T11:44:35","slug":"volkswagen-est-sur-le-point-de-lancer-4-voitures-electriques-abordables-voici-de-nouvelles-informations-sur-la-premiere-dentre-elles","status":"publish","type":"post","link":"https:\/\/www.evearly.news\/fr\/volkswagen-est-sur-le-point-de-lancer-4-voitures-electriques-abordables-voici-de-nouvelles-informations-sur-la-premiere-dentre-elles\/","title":{"rendered":"Volkswagen est sur le point de lancer 4 voitures \u00e9lectriques abordables : voici de nouvelles informations sur la premi\u00e8re d\u2019entre elles"},"content":{"rendered":"<p><img loading=\"lazy\" height=\"675\" width=\"1200\" src=\"https:\/\/www.evearly.news\/fr\/wp-content\/uploads\/sites\/6\/2025\/11\/volkswagen-est-sur-le-point-de-lancer-4-voitures-electriques-abordables-voici-de-nouvelles-informations-sur-la-premiere-dentre-elles.jpg\" class=\"attachment-full size-full wp-post-image\" alt=\"\" decoding=\"async\" \/<br \/>\nLes petites voitures \u00e9lectriques du groupe Volkswagen arriveront en 2026, et la premi\u00e8re \u00e0 arriver sera la Cupra Raval. En amont de sa pr\u00e9sentation, la marque espagnole donne plus d&rsquo;informations sur la future rivale des Renault 5 E-Tech et Alpine A290.<br \/>\n <a href=https:\/\/www.frandroid.com\/marques\/cupra\/2890069_volkswagen-est-sur-le-point-de-lancer-4-voitures-electriques-abordables-voici-de-nouvelles-informations-sur-la-premiere-dentre-elles target='blank'>Lire la suite&#8230;<\/a><\/p>\n","protected":false},"excerpt":{"rendered":"<p>&lt;img height=&quot;675&quot; width=&quot;1200&quot; src=&quot;https:\/\/www.evearly.news\/fr\/wp-content\/uploads\/sites\/6\/2025\/11\/volkswagen-est-sur-le-point-de-lancer-4-voitures-electriques-abordables-voici-de-nouvelles-informations-sur-la-premiere-dentre-elles.jpg&quot; class=&quot;attachment-full size-full wp-post-image&quot; alt=&quot;&quot; decoding=&quot;async&quot; \/<br \/>\nLes petites voitures \u00e9lectriques du groupe Volkswagen arriveront en 2026, et la premi\u00e8re \u00e0 arriver sera la Cupra Raval. En amont de sa pr\u00e9sentation, la marque espagnole donne plus d&rsquo;informations sur la future rivale des Renault 5 E-Tech et Alpine A290.\n<\/p>\n<p> <a class=\"continue-reading-link\" href=\"https:\/\/www.evearly.news\/fr\/volkswagen-est-sur-le-point-de-lancer-4-voitures-electriques-abordables-voici-de-nouvelles-informations-sur-la-premiere-dentre-elles\/\"><\/a><\/p>\n","protected":false},"author":6,"featured_media":312948,"comment_status":"closed","ping_status":"open","sticky":false,"template":"Default","format":"standard","meta":{"footnotes":""},"categories":[14],"tags":[],"class_list":["post-312947","post","type-post","status-publish","format-standard","has-post-thumbnail","hentry","category-frandroid"],"_links":{"self":[{"href":"https:\/\/www.evearly.news\/fr\/wp-json\/wp\/v2\/posts\/312947","targetHints":{"allow":["GET"]}}],"collection":[{"href":"https:\/\/www.evearly.news\/fr\/wp-json\/wp\/v2\/posts"}],"about":[{"href":"https:\/\/www.evearly.news\/fr\/wp-json\/wp\/v2\/types\/post"}],"author":[{"embeddable":true,"href":"https:\/\/www.evearly.news\/fr\/wp-json\/wp\/v2\/users\/6"}],"replies":[{"embeddable":true,"href":"https:\/\/www.evearly.news\/fr\/wp-json\/wp\/v2\/comments?post=312947"}],"version-history":[{"count":0,"href":"https:\/\/www.evearly.news\/fr\/wp-json\/wp\/v2\/posts\/312947\/revisions"}],"wp:featuredmedia":[{"embeddable":true,"href":"https:\/\/www.evearly.news\/fr\/wp-json\/wp\/v2\/media\/312948"}],"wp:attachment":[{"href":"https:\/\/www.evearly.news\/fr\/wp-json\/wp\/v2\/media?parent=312947"}],"wp:term":[{"taxonomy":"category","embeddable":true,"href":"https:\/\/www.evearly.news\/fr\/wp-json\/wp\/v2\/categories?post=312947"},{"taxonomy":"post_tag","embeddable":true,"href":"https:\/\/www.evearly.news\/fr\/wp-json\/wp\/v2\/tags?post=312947"}],"curies":[{"name":"wp","href":"https:\/\/api.w.org\/{rel}","templated":true}]}}