{"id":312953,"date":"2025-11-28T14:22:22","date_gmt":"2025-11-28T13:22:22","guid":{"rendered":"https:\/\/www.evearly.news\/fr\/byd-sealion-5-dm-i-un-suv-super-hybride-pense-pour-les-familles\/"},"modified":"2025-11-28T14:22:22","modified_gmt":"2025-11-28T13:22:22","slug":"byd-sealion-5-dm-i-un-suv-super-hybride-pense-pour-les-familles","status":"publish","type":"post","link":"https:\/\/www.evearly.news\/fr\/byd-sealion-5-dm-i-un-suv-super-hybride-pense-pour-les-familles\/","title":{"rendered":"BYD SEALION 5 DM-i : un SUV Super Hybride pens\u00e9 pour les familles"},"content":{"rendered":"<p><img fetchpriority=\"high\" decoding=\"async\" class=\"aligncenter wp-image-23388 size-full\" src=\"https:\/\/www.evearly.news\/fr\/wp-content\/uploads\/sites\/6\/2025\/11\/byd-sealion-5-dm-i-un-suv-super-hybride-pense-pour-les-familles.jpg\" alt=\"BYD SEALION 5 DM-i int\u00e9rieur \" width=\"2560\" height=\"1713\" srcset=\"https:\/\/www.evearly.news\/fr\/wp-content\/uploads\/sites\/6\/2025\/11\/byd-sealion-5-dm-i-un-suv-super-hybride-pense-pour-les-familles.jpg 2560w, https:\/\/www.evearly.news\/fr\/wp-content\/uploads\/sites\/6\/2025\/11\/byd-sealion-5-dm-i-un-suv-super-hybride-pense-pour-les-familles-1.jpg 300w, https:\/\/www.evearly.news\/fr\/wp-content\/uploads\/sites\/6\/2025\/11\/byd-sealion-5-dm-i-un-suv-super-hybride-pense-pour-les-familles-2.jpg 1024w, https:\/\/www.evearly.news\/fr\/wp-content\/uploads\/sites\/6\/2025\/11\/byd-sealion-5-dm-i-un-suv-super-hybride-pense-pour-les-familles-3.jpg 768w, https:\/\/www.evearly.news\/fr\/wp-content\/uploads\/sites\/6\/2025\/11\/byd-sealion-5-dm-i-un-suv-super-hybride-pense-pour-les-familles-4.jpg 1536w, https:\/\/www.evearly.news\/fr\/wp-content\/uploads\/sites\/6\/2025\/11\/byd-sealion-5-dm-i-un-suv-super-hybride-pense-pour-les-familles-5.jpg 2048w, https:\/\/www.evearly.news\/fr\/wp-content\/uploads\/sites\/6\/2025\/11\/byd-sealion-5-dm-i-un-suv-super-hybride-pense-pour-les-familles-6.jpg 150w, https:\/\/www.evearly.news\/fr\/wp-content\/uploads\/sites\/6\/2025\/11\/byd-sealion-5-dm-i-un-suv-super-hybride-pense-pour-les-familles-7.jpg 696w, https:\/\/www.evearly.news\/fr\/wp-content\/uploads\/sites\/6\/2025\/11\/byd-sealion-5-dm-i-un-suv-super-hybride-pense-pour-les-familles-8.jpg 1068w, https:\/\/www.evearly.news\/fr\/wp-content\/uploads\/sites\/6\/2025\/11\/byd-sealion-5-dm-i-un-suv-super-hybride-pense-pour-les-familles-9.jpg 1920w, https:\/\/www.electriquemag.fr\/wp-content\/uploads\/2025\/11\/02.-LHD_Rear-Space_White-and-BROWN_Download_JPG_5000PX_RGB-1320x883.jpg 1320w\" sizes=\"(max-width: 2560px) 100vw, 2560px\" \/<br \/>BYD poursuit son offensive sur le march\u00e9 europ\u00e9en avec le SEALION 5 DM-i, un SUV familial qui combine efficience \u00e9lectrique, grande autonomie et prix comp\u00e9titif. Ce mod\u00e8le s\u2019appuie sur la technologie Super Hybride DM-i, d\u00e9j\u00e0 adopt\u00e9e par plusieurs millions de conducteurs dans le monde. Son objectif : r\u00e9duire les co\u00fbts d\u2019usage sans sacrifier l\u2019espace, l\u2019\u00e9quipement ni le confort <a href=https:\/\/www.electriquemag.fr\/byd-sealion-5-dm-i-un-suv-super-hybride-pense-pour-les-familles\/ target='bwindow'>Lire la suite&#8230;<\/a><\/p>\n","protected":false},"excerpt":{"rendered":"<p> <a class=\"continue-reading-link\" href=\"https:\/\/www.evearly.news\/fr\/byd-sealion-5-dm-i-un-suv-super-hybride-pense-pour-les-familles\/\"><\/a><\/p>\n","protected":false},"author":13,"featured_media":312954,"comment_status":"closed","ping_status":"open","sticky":false,"template":"Default","format":"standard","meta":{"footnotes":""},"categories":[13],"tags":[],"class_list":["post-312953","post","type-post","status-publish","format-standard","has-post-thumbnail","hentry","category-electriquemag"],"_links":{"self":[{"href":"https:\/\/www.evearly.news\/fr\/wp-json\/wp\/v2\/posts\/312953","targetHints":{"allow":["GET"]}}],"collection":[{"href":"https:\/\/www.evearly.news\/fr\/wp-json\/wp\/v2\/posts"}],"about":[{"href":"https:\/\/www.evearly.news\/fr\/wp-json\/wp\/v2\/types\/post"}],"author":[{"embeddable":true,"href":"https:\/\/www.evearly.news\/fr\/wp-json\/wp\/v2\/users\/13"}],"replies":[{"embeddable":true,"href":"https:\/\/www.evearly.news\/fr\/wp-json\/wp\/v2\/comments?post=312953"}],"version-history":[{"count":0,"href":"https:\/\/www.evearly.news\/fr\/wp-json\/wp\/v2\/posts\/312953\/revisions"}],"wp:featuredmedia":[{"embeddable":true,"href":"https:\/\/www.evearly.news\/fr\/wp-json\/wp\/v2\/media\/312954"}],"wp:attachment":[{"href":"https:\/\/www.evearly.news\/fr\/wp-json\/wp\/v2\/media?parent=312953"}],"wp:term":[{"taxonomy":"category","embeddable":true,"href":"https:\/\/www.evearly.news\/fr\/wp-json\/wp\/v2\/categories?post=312953"},{"taxonomy":"post_tag","embeddable":true,"href":"https:\/\/www.evearly.news\/fr\/wp-json\/wp\/v2\/tags?post=312953"}],"curies":[{"name":"wp","href":"https:\/\/api.w.org\/{rel}","templated":true}]}}