{"id":312955,"date":"2025-11-28T14:29:14","date_gmt":"2025-11-28T13:29:14","guid":{"rendered":"https:\/\/www.evearly.news\/fr\/le-nouveau-citroen-c3-aircross-electrique-abandonne-deja-lune-de-ses-deux-batteries\/"},"modified":"2025-11-28T14:29:14","modified_gmt":"2025-11-28T13:29:14","slug":"le-nouveau-citroen-c3-aircross-electrique-abandonne-deja-lune-de-ses-deux-batteries","status":"publish","type":"post","link":"https:\/\/www.evearly.news\/fr\/le-nouveau-citroen-c3-aircross-electrique-abandonne-deja-lune-de-ses-deux-batteries\/","title":{"rendered":"Le nouveau Citro\u00ebn C3 Aircross \u00e9lectrique abandonne d\u00e9j\u00e0 l&rsquo;une de ses deux batteries"},"content":{"rendered":"<div class=\"media_block\"><img decoding=\"async\" src=\"https:\/\/www.evearly.news\/fr\/wp-content\/uploads\/sites\/6\/2025\/11\/le-nouveau-citroen-c3-aircross-electrique-abandonne-deja-lune-de-ses-deux-batteries.jpg\"><\/div>\n<p>D&rsquo;abord lanc\u00e9 avec la m\u00eame modeste batterie que sa petite soeur C3, le Citro\u00ebn \u00eb-C3 Aircross avait ajout\u00e9 une version \u00ab\u00a0autonomie \u00e9tendue\u00a0\u00bb \u00e0 sa gamme cet \u00e9t\u00e9. Pour cela, il \u00e9tait all\u00e9 piocher son accumulateur du c\u00f4t\u00e9 de son cousin Peugeot e-2008. Ce SUV au format plus vraiment urbain laissait ainsi le choix entre un prix tr\u00e8s bas ou un rayon d&rsquo;action plus int\u00e9ressant. Mais cette double proposition n&rsquo;aura pas r\u00e9sist\u00e9 tr\u00e8s longtemps. Une de ces deux d\u00e9clinaisons a d\u00e9j\u00e0 disparu et son d\u00e9part s&rsquo;annonce d\u00e9finitif. Explications. <a href=https:\/\/www.automobile-magazine.fr\/voitures-electriques\/article\/50274-le-nouveau-citroen-c3-aircross-electrique-abandonne-deja-lune-de-ses-deux-batteries target='bwindow'>Lire la suite&#8230;<\/a><\/p>\n","protected":false},"excerpt":{"rendered":"<div class=\"media_block\"><img decoding=\"async\" src=\"https:\/\/www.evearly.news\/fr\/wp-content\/uploads\/sites\/6\/2025\/11\/le-nouveau-citroen-c3-aircross-electrique-abandonne-deja-lune-de-ses-deux-batteries.jpg\"><\/div>\n<p> <a class=\"continue-reading-link\" href=\"https:\/\/www.evearly.news\/fr\/le-nouveau-citroen-c3-aircross-electrique-abandonne-deja-lune-de-ses-deux-batteries\/\"><\/a><\/p>\n","protected":false},"author":7,"featured_media":312956,"comment_status":"closed","ping_status":"open","sticky":false,"template":"Default","format":"standard","meta":{"footnotes":""},"categories":[7],"tags":[],"class_list":["post-312955","post","type-post","status-publish","format-standard","has-post-thumbnail","hentry","category-automobile-magazine"],"_links":{"self":[{"href":"https:\/\/www.evearly.news\/fr\/wp-json\/wp\/v2\/posts\/312955","targetHints":{"allow":["GET"]}}],"collection":[{"href":"https:\/\/www.evearly.news\/fr\/wp-json\/wp\/v2\/posts"}],"about":[{"href":"https:\/\/www.evearly.news\/fr\/wp-json\/wp\/v2\/types\/post"}],"author":[{"embeddable":true,"href":"https:\/\/www.evearly.news\/fr\/wp-json\/wp\/v2\/users\/7"}],"replies":[{"embeddable":true,"href":"https:\/\/www.evearly.news\/fr\/wp-json\/wp\/v2\/comments?post=312955"}],"version-history":[{"count":0,"href":"https:\/\/www.evearly.news\/fr\/wp-json\/wp\/v2\/posts\/312955\/revisions"}],"wp:featuredmedia":[{"embeddable":true,"href":"https:\/\/www.evearly.news\/fr\/wp-json\/wp\/v2\/media\/312956"}],"wp:attachment":[{"href":"https:\/\/www.evearly.news\/fr\/wp-json\/wp\/v2\/media?parent=312955"}],"wp:term":[{"taxonomy":"category","embeddable":true,"href":"https:\/\/www.evearly.news\/fr\/wp-json\/wp\/v2\/categories?post=312955"},{"taxonomy":"post_tag","embeddable":true,"href":"https:\/\/www.evearly.news\/fr\/wp-json\/wp\/v2\/tags?post=312955"}],"curies":[{"name":"wp","href":"https:\/\/api.w.org\/{rel}","templated":true}]}}