{"id":312967,"date":"2025-11-28T18:12:41","date_gmt":"2025-11-28T17:12:41","guid":{"rendered":"https:\/\/www.evearly.news\/fr\/on-a-teste-la-renault-4-e-tech-sur-autoroute-pour-savoir-si-cette-voiture-electrique-est-taillee-pour-les-departs-en-vacances\/"},"modified":"2025-11-28T18:12:41","modified_gmt":"2025-11-28T17:12:41","slug":"on-a-teste-la-renault-4-e-tech-sur-autoroute-pour-savoir-si-cette-voiture-electrique-est-taillee-pour-les-departs-en-vacances","status":"publish","type":"post","link":"https:\/\/www.evearly.news\/fr\/on-a-teste-la-renault-4-e-tech-sur-autoroute-pour-savoir-si-cette-voiture-electrique-est-taillee-pour-les-departs-en-vacances\/","title":{"rendered":"On a test\u00e9 la Renault 4 E-Tech sur autoroute pour savoir si cette voiture \u00e9lectrique est taill\u00e9e pour les d\u00e9parts en vacances"},"content":{"rendered":"<p><img width=\"1200\" height=\"675\" src=\"https:\/\/www.evearly.news\/fr\/wp-content\/uploads\/sites\/6\/2025\/11\/on-a-teste-la-renault-4-e-tech-sur-autoroute-pour-savoir-si-cette-voiture-electrique-est-taillee-pour-les-departs-en-vacances.jpg\" class=\"attachment-full size-full wp-post-image\" alt=\"\" decoding=\"async\" loading=\"lazy\" \/<br \/>\nLes voitures \u00e9lectriques nouvelle g\u00e9n\u00e9ration de Renault, dont fait partie la Renault 4 E-Tech, poss\u00e8dent de s\u00e9rieux atouts au quotidien. Mais quand il s&rsquo;agit de partir en vacances ou en longs week-ends, c&rsquo;est peut-\u00eatre une autre paire de manches. Nous l\u2019avons emmen\u00e9 de Paris jusqu&rsquo;en Normandie quelques jours. Temps de recharge, autonomie sur autoroute : vous saurez tout.<br \/>\n <a href=https:\/\/www.frandroid.com\/marques\/renault\/2855341_on-a-teste-la-renault-4-e-tech-sur-autoroute-pour-savoir-si-cette-voiture-electrique-est-taillee-pour-les-departs-en-vacances target='blank'>Lire la suite&#8230;<\/a><\/p>\n","protected":false},"excerpt":{"rendered":"<p>&lt;img width=&quot;1200&quot; height=&quot;675&quot; src=&quot;https:\/\/www.evearly.news\/fr\/wp-content\/uploads\/sites\/6\/2025\/11\/on-a-teste-la-renault-4-e-tech-sur-autoroute-pour-savoir-si-cette-voiture-electrique-est-taillee-pour-les-departs-en-vacances.jpg&quot; class=&quot;attachment-full size-full wp-post-image&quot; alt=&quot;&quot; decoding=&quot;async&quot; loading=&quot;lazy&quot; \/<br \/>\nLes voitures \u00e9lectriques nouvelle g\u00e9n\u00e9ration de Renault, dont fait partie la Renault 4 E-Tech, poss\u00e8dent de s\u00e9rieux atouts au quotidien. Mais quand il s&rsquo;agit de partir en vacances ou en longs week-ends, c&rsquo;est peut-\u00eatre une autre paire de manches. Nous l\u2019avons emmen\u00e9 de Paris jusqu&rsquo;en Normandie quelques jours. Temps de recharge, autonomie sur autoroute : vous saurez tout.\n<\/p>\n<p> <a class=\"continue-reading-link\" href=\"https:\/\/www.evearly.news\/fr\/on-a-teste-la-renault-4-e-tech-sur-autoroute-pour-savoir-si-cette-voiture-electrique-est-taillee-pour-les-departs-en-vacances\/\"><\/a><\/p>\n","protected":false},"author":6,"featured_media":312968,"comment_status":"closed","ping_status":"open","sticky":false,"template":"Default","format":"standard","meta":{"footnotes":""},"categories":[14],"tags":[],"class_list":["post-312967","post","type-post","status-publish","format-standard","has-post-thumbnail","hentry","category-frandroid"],"_links":{"self":[{"href":"https:\/\/www.evearly.news\/fr\/wp-json\/wp\/v2\/posts\/312967","targetHints":{"allow":["GET"]}}],"collection":[{"href":"https:\/\/www.evearly.news\/fr\/wp-json\/wp\/v2\/posts"}],"about":[{"href":"https:\/\/www.evearly.news\/fr\/wp-json\/wp\/v2\/types\/post"}],"author":[{"embeddable":true,"href":"https:\/\/www.evearly.news\/fr\/wp-json\/wp\/v2\/users\/6"}],"replies":[{"embeddable":true,"href":"https:\/\/www.evearly.news\/fr\/wp-json\/wp\/v2\/comments?post=312967"}],"version-history":[{"count":0,"href":"https:\/\/www.evearly.news\/fr\/wp-json\/wp\/v2\/posts\/312967\/revisions"}],"wp:featuredmedia":[{"embeddable":true,"href":"https:\/\/www.evearly.news\/fr\/wp-json\/wp\/v2\/media\/312968"}],"wp:attachment":[{"href":"https:\/\/www.evearly.news\/fr\/wp-json\/wp\/v2\/media?parent=312967"}],"wp:term":[{"taxonomy":"category","embeddable":true,"href":"https:\/\/www.evearly.news\/fr\/wp-json\/wp\/v2\/categories?post=312967"},{"taxonomy":"post_tag","embeddable":true,"href":"https:\/\/www.evearly.news\/fr\/wp-json\/wp\/v2\/tags?post=312967"}],"curies":[{"name":"wp","href":"https:\/\/api.w.org\/{rel}","templated":true}]}}