{"id":312971,"date":"2025-11-28T18:20:05","date_gmt":"2025-11-28T17:20:05","guid":{"rendered":"https:\/\/www.evearly.news\/fr\/chronique-de-la-revolte-9-tesla-roadster-bonnes-nouvelles-pour-lupgrade-club-ouverture-de-la-boutique-ev-shop-les-garages-branches-vont-monter-aux-creneaux-etc\/"},"modified":"2025-11-28T18:20:05","modified_gmt":"2025-11-28T17:20:05","slug":"chronique-de-la-revolte-9-tesla-roadster-bonnes-nouvelles-pour-lupgrade-club-ouverture-de-la-boutique-ev-shop-les-garages-branches-vont-monter-aux-creneaux-etc","status":"publish","type":"post","link":"https:\/\/www.evearly.news\/fr\/chronique-de-la-revolte-9-tesla-roadster-bonnes-nouvelles-pour-lupgrade-club-ouverture-de-la-boutique-ev-shop-les-garages-branches-vont-monter-aux-creneaux-etc\/","title":{"rendered":"Chronique de la Revolte \u2013 9 : Tesla Roadster, bonnes nouvelles pour l\u2019Upgrade Club, ouverture de la boutique EV Shop, les garages branch\u00e9s vont monter aux cr\u00e9neaux, etc."},"content":{"rendered":"<p><img decoding=\"async\" width=\"500\" height=\"333\" src=\"https:\/\/www.evearly.news\/fr\/wp-content\/uploads\/sites\/6\/2025\/11\/chronique-de-la-revolte-9-tesla-roadster-bonnes-nouvelles-pour-lupgrade-club-ouverture-de-la-boutique-ev-shop-les-garages-branches-vont-monter-aux-creneaux-etc.jpg\" class=\"attachment-1200x800 size-1200x800 wp-post-image\" alt=\"Tesla Roadster\" loading=\"lazy\" srcset=\"https:\/\/www.evearly.news\/fr\/wp-content\/uploads\/sites\/6\/2025\/11\/chronique-de-la-revolte-9-tesla-roadster-bonnes-nouvelles-pour-lupgrade-club-ouverture-de-la-boutique-ev-shop-les-garages-branches-vont-monter-aux-creneaux-etc.jpg 1200w, https:\/\/www.evearly.news\/fr\/wp-content\/uploads\/sites\/6\/2025\/11\/chronique-de-la-revolte-9-tesla-roadster-bonnes-nouvelles-pour-lupgrade-club-ouverture-de-la-boutique-ev-shop-les-garages-branches-vont-monter-aux-creneaux-etc-1.jpg 1024w, https:\/\/www.evearly.news\/fr\/wp-content\/uploads\/sites\/6\/2025\/11\/chronique-de-la-revolte-9-tesla-roadster-bonnes-nouvelles-pour-lupgrade-club-ouverture-de-la-boutique-ev-shop-les-garages-branches-vont-monter-aux-creneaux-etc-2.jpg 140w, https:\/\/www.evearly.news\/fr\/wp-content\/uploads\/sites\/6\/2025\/11\/chronique-de-la-revolte-9-tesla-roadster-bonnes-nouvelles-pour-lupgrade-club-ouverture-de-la-boutique-ev-shop-les-garages-branches-vont-monter-aux-creneaux-etc-3.jpg 768w, https:\/\/www.evearly.news\/fr\/wp-content\/uploads\/sites\/6\/2025\/11\/chronique-de-la-revolte-9-tesla-roadster-bonnes-nouvelles-pour-lupgrade-club-ouverture-de-la-boutique-ev-shop-les-garages-branches-vont-monter-aux-creneaux-etc-4.jpg 700w, https:\/\/www.evearly.news\/fr\/wp-content\/uploads\/sites\/6\/2025\/11\/chronique-de-la-revolte-9-tesla-roadster-bonnes-nouvelles-pour-lupgrade-club-ouverture-de-la-boutique-ev-shop-les-garages-branches-vont-monter-aux-creneaux-etc-5.jpg 960w, https:\/\/cdn.automobile-propre.com\/uploads\/2025\/11\/APF1124_WChronRevolte9-100x66.jpg 100w\" sizes=\"auto, (max-width: 1200px) 100vw, 1200px\" \/><br \/>\nSujet br\u00fblant, l\u2019upgrade qui consiste \u00e0 maintenir le plus longtemps possible les v\u00e9hicules \u00e9lectriques en les am\u00e9liorant int\u00e9resse \u00e0 la\u2026\u00a0<a href=https:\/\/www.automobile-propre.com\/articles\/chronique-de-la-revolte-9-tesla-roadster-bonnes-nouvelles-pour-lupgrade-club-ouverture-de-la-boutique-ev-shop-les-garages-branches-vont-monter-aux-creneaux-etc\/ target='bwindow'>Lire la suite&#8230;<\/a><\/p>\n","protected":false},"excerpt":{"rendered":"<p>&#8230; <a class=\"continue-reading-link\" href=\"https:\/\/www.evearly.news\/fr\/chronique-de-la-revolte-9-tesla-roadster-bonnes-nouvelles-pour-lupgrade-club-ouverture-de-la-boutique-ev-shop-les-garages-branches-vont-monter-aux-creneaux-etc\/\"><\/a><\/p>\n","protected":false},"author":8,"featured_media":312972,"comment_status":"closed","ping_status":"open","sticky":false,"template":"Default","format":"standard","meta":{"footnotes":""},"categories":[8],"tags":[],"class_list":["post-312971","post","type-post","status-publish","format-standard","has-post-thumbnail","hentry","category-automobile-propre"],"_links":{"self":[{"href":"https:\/\/www.evearly.news\/fr\/wp-json\/wp\/v2\/posts\/312971","targetHints":{"allow":["GET"]}}],"collection":[{"href":"https:\/\/www.evearly.news\/fr\/wp-json\/wp\/v2\/posts"}],"about":[{"href":"https:\/\/www.evearly.news\/fr\/wp-json\/wp\/v2\/types\/post"}],"author":[{"embeddable":true,"href":"https:\/\/www.evearly.news\/fr\/wp-json\/wp\/v2\/users\/8"}],"replies":[{"embeddable":true,"href":"https:\/\/www.evearly.news\/fr\/wp-json\/wp\/v2\/comments?post=312971"}],"version-history":[{"count":0,"href":"https:\/\/www.evearly.news\/fr\/wp-json\/wp\/v2\/posts\/312971\/revisions"}],"wp:featuredmedia":[{"embeddable":true,"href":"https:\/\/www.evearly.news\/fr\/wp-json\/wp\/v2\/media\/312972"}],"wp:attachment":[{"href":"https:\/\/www.evearly.news\/fr\/wp-json\/wp\/v2\/media?parent=312971"}],"wp:term":[{"taxonomy":"category","embeddable":true,"href":"https:\/\/www.evearly.news\/fr\/wp-json\/wp\/v2\/categories?post=312971"},{"taxonomy":"post_tag","embeddable":true,"href":"https:\/\/www.evearly.news\/fr\/wp-json\/wp\/v2\/tags?post=312971"}],"curies":[{"name":"wp","href":"https:\/\/api.w.org\/{rel}","templated":true}]}}