{"id":312973,"date":"2025-11-28T19:52:54","date_gmt":"2025-11-28T18:52:54","guid":{"rendered":"https:\/\/www.evearly.news\/fr\/geely-galaxy-v900-le-monospace-electrique-decroche-un-record-guinness-a-peine-croyable\/"},"modified":"2025-11-28T19:52:54","modified_gmt":"2025-11-28T18:52:54","slug":"geely-galaxy-v900-le-monospace-electrique-decroche-un-record-guinness-a-peine-croyable","status":"publish","type":"post","link":"https:\/\/www.evearly.news\/fr\/geely-galaxy-v900-le-monospace-electrique-decroche-un-record-guinness-a-peine-croyable\/","title":{"rendered":"Geely Galaxy V900 : le monospace \u00e9lectrique d\u00e9croche un record Guinness \u00e0 peine croyable"},"content":{"rendered":"<p><img decoding=\"async\" width=\"500\" height=\"333\" src=\"https:\/\/www.evearly.news\/fr\/wp-content\/uploads\/sites\/6\/2025\/11\/geely-galaxy-v900-le-monospace-electrique-decroche-un-record-guinness-a-peine-croyable.jpg\" class=\"attachment-1200x800 size-1200x800 wp-post-image\" alt=\"\" loading=\"lazy\" srcset=\"https:\/\/www.evearly.news\/fr\/wp-content\/uploads\/sites\/6\/2025\/11\/geely-galaxy-v900-le-monospace-electrique-decroche-un-record-guinness-a-peine-croyable.jpg 1680w, https:\/\/www.evearly.news\/fr\/wp-content\/uploads\/sites\/6\/2025\/11\/geely-galaxy-v900-le-monospace-electrique-decroche-un-record-guinness-a-peine-croyable-1.jpg 1640w, https:\/\/www.evearly.news\/fr\/wp-content\/uploads\/sites\/6\/2025\/11\/geely-galaxy-v900-le-monospace-electrique-decroche-un-record-guinness-a-peine-croyable-2.jpg 1024w, https:\/\/www.evearly.news\/fr\/wp-content\/uploads\/sites\/6\/2025\/11\/geely-galaxy-v900-le-monospace-electrique-decroche-un-record-guinness-a-peine-croyable-3.jpg 768w, https:\/\/www.evearly.news\/fr\/wp-content\/uploads\/sites\/6\/2025\/11\/geely-galaxy-v900-le-monospace-electrique-decroche-un-record-guinness-a-peine-croyable-4.jpg 1536w, https:\/\/www.evearly.news\/fr\/wp-content\/uploads\/sites\/6\/2025\/11\/geely-galaxy-v900-le-monospace-electrique-decroche-un-record-guinness-a-peine-croyable-5.jpg 623w, https:\/\/cdn.automobile-propre.com\/uploads\/2025\/11\/Geely-Galaxy-V900-record-guiness-960x720.jpg 960w\" sizes=\"auto, (max-width: 1067px) 100vw, 1067px\" \/><br \/>\nGeely vient de signer un nouveau record Guinness avec son \u00e9norme minivan Galaxy V900, r\u00e9cemment pr\u00e9sent\u00e9 en Chine. Un exploit\u2026\u00a0<a href=https:\/\/www.automobile-propre.com\/articles\/geely-galaxy-v900-le-monospace-electrique-decroche-un-record-guinness-a-peine-croyable\/ target='bwindow'>Lire la suite&#8230;<\/a><\/p>\n","protected":false},"excerpt":{"rendered":"<p>&#8230; <a class=\"continue-reading-link\" href=\"https:\/\/www.evearly.news\/fr\/geely-galaxy-v900-le-monospace-electrique-decroche-un-record-guinness-a-peine-croyable\/\"><\/a><\/p>\n","protected":false},"author":8,"featured_media":312974,"comment_status":"closed","ping_status":"open","sticky":false,"template":"Default","format":"standard","meta":{"footnotes":""},"categories":[8],"tags":[],"class_list":["post-312973","post","type-post","status-publish","format-standard","has-post-thumbnail","hentry","category-automobile-propre"],"_links":{"self":[{"href":"https:\/\/www.evearly.news\/fr\/wp-json\/wp\/v2\/posts\/312973","targetHints":{"allow":["GET"]}}],"collection":[{"href":"https:\/\/www.evearly.news\/fr\/wp-json\/wp\/v2\/posts"}],"about":[{"href":"https:\/\/www.evearly.news\/fr\/wp-json\/wp\/v2\/types\/post"}],"author":[{"embeddable":true,"href":"https:\/\/www.evearly.news\/fr\/wp-json\/wp\/v2\/users\/8"}],"replies":[{"embeddable":true,"href":"https:\/\/www.evearly.news\/fr\/wp-json\/wp\/v2\/comments?post=312973"}],"version-history":[{"count":0,"href":"https:\/\/www.evearly.news\/fr\/wp-json\/wp\/v2\/posts\/312973\/revisions"}],"wp:featuredmedia":[{"embeddable":true,"href":"https:\/\/www.evearly.news\/fr\/wp-json\/wp\/v2\/media\/312974"}],"wp:attachment":[{"href":"https:\/\/www.evearly.news\/fr\/wp-json\/wp\/v2\/media?parent=312973"}],"wp:term":[{"taxonomy":"category","embeddable":true,"href":"https:\/\/www.evearly.news\/fr\/wp-json\/wp\/v2\/categories?post=312973"},{"taxonomy":"post_tag","embeddable":true,"href":"https:\/\/www.evearly.news\/fr\/wp-json\/wp\/v2\/tags?post=312973"}],"curies":[{"name":"wp","href":"https:\/\/api.w.org\/{rel}","templated":true}]}}