{"id":312975,"date":"2025-11-28T20:50:04","date_gmt":"2025-11-28T19:50:04","guid":{"rendered":"https:\/\/www.evearly.news\/fr\/le-citroen-e-c3-aircross-fait-deja-du-menage-dans-sa-gamme-la-version-a-petite-batterie-disparait\/"},"modified":"2025-11-28T20:50:04","modified_gmt":"2025-11-28T19:50:04","slug":"le-citroen-e-c3-aircross-fait-deja-du-menage-dans-sa-gamme-la-version-a-petite-batterie-disparait","status":"publish","type":"post","link":"https:\/\/www.evearly.news\/fr\/le-citroen-e-c3-aircross-fait-deja-du-menage-dans-sa-gamme-la-version-a-petite-batterie-disparait\/","title":{"rendered":"Le Citro\u00ebn \u00eb-C3 Aircross fait d\u00e9j\u00e0 du m\u00e9nage dans sa gamme, la version \u00e0 petite batterie dispara\u00eet"},"content":{"rendered":"<p><img decoding=\"async\" src=\"https:\/\/www.evearly.news\/fr\/wp-content\/uploads\/sites\/6\/2025\/11\/le-citroen-e-c3-aircross-fait-deja-du-menage-dans-sa-gamme-la-version-a-petite-batterie-disparait.webp\" alt=\"auto-moto\"><br \/>Lanc\u00e9 fin juillet, le Citro\u00ebn \u00eb-C3 Aircross \u201cAutonomie \u00e9tendue\u201d prend l\u2019ascendant sur la version \u00e0 petite batterie, qui dispara\u00eet d\u00e9j\u00e0 du catalogue. Les prix restent contenus, avec une entr\u00e9e de gamme You sous la barre des 30 000 \u20ac. <a href=https:\/\/www.auto-moto.com\/prix-du-neuf\/prix-citroen-c3-aircross-autonomie-etendue-66607 target=blank>Lire la suite&#8230;<\/a><\/p>\n","protected":false},"excerpt":{"rendered":"<p>Lanc\u00e9 fin juillet, le Citro\u00ebn \u00eb-C3 Aircross \u201cAutonomie \u00e9tendue\u201d prend l\u2019ascendant sur la version \u00e0 petite batterie, qui dispara\u00eet d\u00e9j\u00e0 du catalogue. Les prix restent contenus, avec une entr\u00e9e de gamme You sous la barre des 30 000 \u20ac&#8230;. <a class=\"continue-reading-link\" href=\"https:\/\/www.evearly.news\/fr\/le-citroen-e-c3-aircross-fait-deja-du-menage-dans-sa-gamme-la-version-a-petite-batterie-disparait\/\"><\/a><\/p>\n","protected":false},"author":9,"featured_media":312976,"comment_status":"closed","ping_status":"open","sticky":false,"template":"Default","format":"standard","meta":{"footnotes":""},"categories":[10],"tags":[],"class_list":["post-312975","post","type-post","status-publish","format-standard","has-post-thumbnail","hentry","category-auto-moto-com"],"_links":{"self":[{"href":"https:\/\/www.evearly.news\/fr\/wp-json\/wp\/v2\/posts\/312975","targetHints":{"allow":["GET"]}}],"collection":[{"href":"https:\/\/www.evearly.news\/fr\/wp-json\/wp\/v2\/posts"}],"about":[{"href":"https:\/\/www.evearly.news\/fr\/wp-json\/wp\/v2\/types\/post"}],"author":[{"embeddable":true,"href":"https:\/\/www.evearly.news\/fr\/wp-json\/wp\/v2\/users\/9"}],"replies":[{"embeddable":true,"href":"https:\/\/www.evearly.news\/fr\/wp-json\/wp\/v2\/comments?post=312975"}],"version-history":[{"count":0,"href":"https:\/\/www.evearly.news\/fr\/wp-json\/wp\/v2\/posts\/312975\/revisions"}],"wp:featuredmedia":[{"embeddable":true,"href":"https:\/\/www.evearly.news\/fr\/wp-json\/wp\/v2\/media\/312976"}],"wp:attachment":[{"href":"https:\/\/www.evearly.news\/fr\/wp-json\/wp\/v2\/media?parent=312975"}],"wp:term":[{"taxonomy":"category","embeddable":true,"href":"https:\/\/www.evearly.news\/fr\/wp-json\/wp\/v2\/categories?post=312975"},{"taxonomy":"post_tag","embeddable":true,"href":"https:\/\/www.evearly.news\/fr\/wp-json\/wp\/v2\/tags?post=312975"}],"curies":[{"name":"wp","href":"https:\/\/api.w.org\/{rel}","templated":true}]}}