{"id":312977,"date":"2025-11-29T07:50:04","date_gmt":"2025-11-29T06:50:04","guid":{"rendered":"https:\/\/www.evearly.news\/fr\/essais-pv5-cargo-premiere-reussie-pour-kia-dans-lutilitaire-electrique\/"},"modified":"2025-11-29T07:50:04","modified_gmt":"2025-11-29T06:50:04","slug":"essais-pv5-cargo-premiere-reussie-pour-kia-dans-lutilitaire-electrique","status":"publish","type":"post","link":"https:\/\/www.evearly.news\/fr\/essais-pv5-cargo-premiere-reussie-pour-kia-dans-lutilitaire-electrique\/","title":{"rendered":"Essais PV5 Cargo : premi\u00e8re r\u00e9ussie pour Kia dans l\u2019utilitaire \u00e9lectrique"},"content":{"rendered":"<p><img width=\"1000\" height=\"563\" src=\"https:\/\/www.evearly.news\/fr\/wp-content\/uploads\/sites\/6\/2025\/11\/essais-pv5-cargo-premiere-reussie-pour-kia-dans-lutilitaire-electrique.jpg\" class=\"attachment-post-thumbnail size-post-thumbnail wp-post-image\" alt=\"Kia PV5 Cargo Utilitaire \u00e9lectrique\" decoding=\"async\" fetchpriority=\"high\" srcset=\"https:\/\/www.evearly.news\/fr\/wp-content\/uploads\/sites\/6\/2025\/11\/essais-pv5-cargo-premiere-reussie-pour-kia-dans-lutilitaire-electrique.jpg 1000w, https:\/\/www.evearly.news\/fr\/wp-content\/uploads\/sites\/6\/2025\/11\/essais-pv5-cargo-premiere-reussie-pour-kia-dans-lutilitaire-electrique-1.jpg 300w, https:\/\/www.evearly.news\/fr\/wp-content\/uploads\/sites\/6\/2025\/11\/essais-pv5-cargo-premiere-reussie-pour-kia-dans-lutilitaire-electrique-2.jpg 998w, https:\/\/www.avem.fr\/wp-content\/uploads\/2025\/11\/Essais-Kia-PV5-Cargo-Une-768x432.jpg 768w\" sizes=\"(max-width: 1000px) 100vw, 1000px\" \/>Kia France a organis\u00e9 cette semaine \u00e0 Lyon les essais du PV5 Cargo. Un utilitaire \u00e9lectrique tout juste aur\u00e9ol\u00e9 du prestigieux titre d\u2019International Van of the Year 2026. Une r\u00e9compense qui marque l\u2019entr\u00e9e fracassante de Kia dans l\u2019utilitaire \u00e9lectrique avec des v\u00e9hicules reposant sur la plateforme avant-gardiste E-GMP. Le PV5 [\u2026] <a href=https:\/\/www.avem.fr\/2025\/11\/29\/essais-pv5-cargo-premiere-reussie-pour-kia-dans-lutilitaire-electrique\/ target=blank>Lire la suite&#8230;<\/a><\/p>\n","protected":false},"excerpt":{"rendered":"<p><img loading=\"lazy\" decoding=\"async\" width=\"1000\" height=\"563\" src=\"https:\/\/www.evearly.news\/fr\/wp-content\/uploads\/sites\/6\/2025\/11\/essais-pv5-cargo-premiere-reussie-pour-kia-dans-lutilitaire-electrique.jpg\" class=\"attachment-post-thumbnail size-post-thumbnail wp-post-image\" alt=\"Kia PV5 Cargo Utilitaire \u00e9lectrique\" \/>Kia France a organis\u00e9 cette semaine \u00e0 Lyon les essais du PV5 Cargo. Un utilitaire \u00e9lectrique tout juste aur\u00e9ol\u00e9 du prestigieux titre d\u2019International Van of the Year 2026. Une r\u00e9compense qui marque l\u2019entr\u00e9e fracassante de Kia dans l\u2019utilitaire \u00e9lectrique avec des v\u00e9hicules reposant sur la plateforme avant-gardiste E-GMP. Le PV5 [\u2026] <a class=\"continue-reading-link\" href=\"https:\/\/www.evearly.news\/fr\/essais-pv5-cargo-premiere-reussie-pour-kia-dans-lutilitaire-electrique\/\"><\/a><\/p>\n","protected":false},"author":3,"featured_media":312978,"comment_status":"closed","ping_status":"open","sticky":false,"template":"Default","format":"standard","meta":{"footnotes":""},"categories":[3],"tags":[],"class_list":["post-312977","post","type-post","status-publish","format-standard","has-post-thumbnail","hentry","category-avem"],"_links":{"self":[{"href":"https:\/\/www.evearly.news\/fr\/wp-json\/wp\/v2\/posts\/312977","targetHints":{"allow":["GET"]}}],"collection":[{"href":"https:\/\/www.evearly.news\/fr\/wp-json\/wp\/v2\/posts"}],"about":[{"href":"https:\/\/www.evearly.news\/fr\/wp-json\/wp\/v2\/types\/post"}],"author":[{"embeddable":true,"href":"https:\/\/www.evearly.news\/fr\/wp-json\/wp\/v2\/users\/3"}],"replies":[{"embeddable":true,"href":"https:\/\/www.evearly.news\/fr\/wp-json\/wp\/v2\/comments?post=312977"}],"version-history":[{"count":0,"href":"https:\/\/www.evearly.news\/fr\/wp-json\/wp\/v2\/posts\/312977\/revisions"}],"wp:featuredmedia":[{"embeddable":true,"href":"https:\/\/www.evearly.news\/fr\/wp-json\/wp\/v2\/media\/312978"}],"wp:attachment":[{"href":"https:\/\/www.evearly.news\/fr\/wp-json\/wp\/v2\/media?parent=312977"}],"wp:term":[{"taxonomy":"category","embeddable":true,"href":"https:\/\/www.evearly.news\/fr\/wp-json\/wp\/v2\/categories?post=312977"},{"taxonomy":"post_tag","embeddable":true,"href":"https:\/\/www.evearly.news\/fr\/wp-json\/wp\/v2\/tags?post=312977"}],"curies":[{"name":"wp","href":"https:\/\/api.w.org\/{rel}","templated":true}]}}