{"id":312981,"date":"2025-11-29T10:03:04","date_gmt":"2025-11-29T09:03:04","guid":{"rendered":"https:\/\/www.evearly.news\/fr\/fiat-est-il-deja-en-train-de-preparer-sa-kei-car-electrique-pour-leurope\/"},"modified":"2025-11-29T10:03:04","modified_gmt":"2025-11-29T09:03:04","slug":"fiat-est-il-deja-en-train-de-preparer-sa-kei-car-electrique-pour-leurope","status":"publish","type":"post","link":"https:\/\/www.evearly.news\/fr\/fiat-est-il-deja-en-train-de-preparer-sa-kei-car-electrique-pour-leurope\/","title":{"rendered":"Fiat est-il d\u00e9j\u00e0 en train de pr\u00e9parer sa \u00ab\u00a0kei car\u00a0\u00bb \u00e9lectrique pour l\u2019Europe ?"},"content":{"rendered":"<p><img decoding=\"async\" width=\"500\" height=\"333\" src=\"https:\/\/www.evearly.news\/fr\/wp-content\/uploads\/sites\/6\/2025\/11\/fiat-est-il-deja-en-train-de-preparer-sa-kei-car-electrique-pour-leurope.jpg\" class=\"attachment-1200x800 size-1200x800 wp-post-image\" alt=\"\" loading=\"lazy\" srcset=\"https:\/\/www.evearly.news\/fr\/wp-content\/uploads\/sites\/6\/2025\/11\/fiat-est-il-deja-en-train-de-preparer-sa-kei-car-electrique-pour-leurope.jpg 1500w, https:\/\/www.evearly.news\/fr\/wp-content\/uploads\/sites\/6\/2025\/11\/fiat-est-il-deja-en-train-de-preparer-sa-kei-car-electrique-pour-leurope-1.jpg 1024w, https:\/\/www.evearly.news\/fr\/wp-content\/uploads\/sites\/6\/2025\/11\/fiat-est-il-deja-en-train-de-preparer-sa-kei-car-electrique-pour-leurope-2.jpg 140w, https:\/\/www.evearly.news\/fr\/wp-content\/uploads\/sites\/6\/2025\/11\/fiat-est-il-deja-en-train-de-preparer-sa-kei-car-electrique-pour-leurope-3.jpg 768w, https:\/\/www.evearly.news\/fr\/wp-content\/uploads\/sites\/6\/2025\/11\/fiat-est-il-deja-en-train-de-preparer-sa-kei-car-electrique-pour-leurope-4.jpg 620w, https:\/\/www.evearly.news\/fr\/wp-content\/uploads\/sites\/6\/2025\/11\/fiat-est-il-deja-en-train-de-preparer-sa-kei-car-electrique-pour-leurope-5.jpg 100w, https:\/\/www.evearly.news\/fr\/wp-content\/uploads\/sites\/6\/2025\/11\/fiat-est-il-deja-en-train-de-preparer-sa-kei-car-electrique-pour-leurope-6.jpg 190w, https:\/\/cdn.automobile-propre.com\/uploads\/2025\/07\/TopolinoVilebrequinCollectorsEdition-6-600x400.jpg 600w\" sizes=\"auto, (max-width: 1200px) 100vw, 1200px\" \/><br \/>\nAlors que Bruxelles travaille selon toute vraisemblance \u00e0 l&rsquo;ouverture d&rsquo;une nouvelle cat\u00e9gorie de petites voitures \u00e9lectriques sobres et accessibles, Fiat\u2026\u00a0<a href=https:\/\/www.automobile-propre.com\/articles\/fiat-est-il-deja-en-train-de-preparer-sa-kei-car-pour-repondre-aux-futures-exigences-europeennes\/ target='bwindow'>Lire la suite&#8230;<\/a><\/p>\n","protected":false},"excerpt":{"rendered":"<p>&#8230; <a class=\"continue-reading-link\" href=\"https:\/\/www.evearly.news\/fr\/fiat-est-il-deja-en-train-de-preparer-sa-kei-car-electrique-pour-leurope\/\"><\/a><\/p>\n","protected":false},"author":8,"featured_media":312982,"comment_status":"closed","ping_status":"open","sticky":false,"template":"Default","format":"standard","meta":{"footnotes":""},"categories":[8],"tags":[],"class_list":["post-312981","post","type-post","status-publish","format-standard","has-post-thumbnail","hentry","category-automobile-propre"],"_links":{"self":[{"href":"https:\/\/www.evearly.news\/fr\/wp-json\/wp\/v2\/posts\/312981","targetHints":{"allow":["GET"]}}],"collection":[{"href":"https:\/\/www.evearly.news\/fr\/wp-json\/wp\/v2\/posts"}],"about":[{"href":"https:\/\/www.evearly.news\/fr\/wp-json\/wp\/v2\/types\/post"}],"author":[{"embeddable":true,"href":"https:\/\/www.evearly.news\/fr\/wp-json\/wp\/v2\/users\/8"}],"replies":[{"embeddable":true,"href":"https:\/\/www.evearly.news\/fr\/wp-json\/wp\/v2\/comments?post=312981"}],"version-history":[{"count":0,"href":"https:\/\/www.evearly.news\/fr\/wp-json\/wp\/v2\/posts\/312981\/revisions"}],"wp:featuredmedia":[{"embeddable":true,"href":"https:\/\/www.evearly.news\/fr\/wp-json\/wp\/v2\/media\/312982"}],"wp:attachment":[{"href":"https:\/\/www.evearly.news\/fr\/wp-json\/wp\/v2\/media?parent=312981"}],"wp:term":[{"taxonomy":"category","embeddable":true,"href":"https:\/\/www.evearly.news\/fr\/wp-json\/wp\/v2\/categories?post=312981"},{"taxonomy":"post_tag","embeddable":true,"href":"https:\/\/www.evearly.news\/fr\/wp-json\/wp\/v2\/tags?post=312981"}],"curies":[{"name":"wp","href":"https:\/\/api.w.org\/{rel}","templated":true}]}}