{"id":312995,"date":"2025-11-29T14:52:42","date_gmt":"2025-11-29T13:52:42","guid":{"rendered":"https:\/\/www.evearly.news\/fr\/audi-a6-e-tron-et-q6-e-tron-quest-ce-qui-change-pour-le-millesime-2026\/"},"modified":"2025-11-29T14:52:42","modified_gmt":"2025-11-29T13:52:42","slug":"audi-a6-e-tron-et-q6-e-tron-quest-ce-qui-change-pour-le-millesime-2026","status":"publish","type":"post","link":"https:\/\/www.evearly.news\/fr\/audi-a6-e-tron-et-q6-e-tron-quest-ce-qui-change-pour-le-millesime-2026\/","title":{"rendered":"Audi A6 e-tron et Q6 e-tron : qu\u2019est-ce qui change pour le mill\u00e9sime 2026 ?"},"content":{"rendered":"<p><img loading=\"lazy\" decoding=\"async\" width=\"500\" height=\"333\" src=\"https:\/\/www.evearly.news\/fr\/wp-content\/uploads\/sites\/6\/2025\/11\/audi-a6-e-tron-et-q6-e-tron-quest-ce-qui-change-pour-le-millesime-2026.jpg\" class=\"attachment-1200x800 size-1200x800 wp-post-image\" alt=\"\" srcset=\"https:\/\/www.evearly.news\/fr\/wp-content\/uploads\/sites\/6\/2025\/11\/audi-a6-e-tron-et-q6-e-tron-quest-ce-qui-change-pour-le-millesime-2026.jpg 1640w, https:\/\/www.evearly.news\/fr\/wp-content\/uploads\/sites\/6\/2025\/11\/audi-a6-e-tron-et-q6-e-tron-quest-ce-qui-change-pour-le-millesime-2026-1.jpg 1024w, https:\/\/www.evearly.news\/fr\/wp-content\/uploads\/sites\/6\/2025\/11\/audi-a6-e-tron-et-q6-e-tron-quest-ce-qui-change-pour-le-millesime-2026-2.jpg 140w, https:\/\/www.evearly.news\/fr\/wp-content\/uploads\/sites\/6\/2025\/11\/audi-a6-e-tron-et-q6-e-tron-quest-ce-qui-change-pour-le-millesime-2026-3.jpg 768w, https:\/\/www.evearly.news\/fr\/wp-content\/uploads\/sites\/6\/2025\/11\/audi-a6-e-tron-et-q6-e-tron-quest-ce-qui-change-pour-le-millesime-2026-4.jpg 2048w, https:\/\/www.evearly.news\/fr\/wp-content\/uploads\/sites\/6\/2025\/11\/audi-a6-e-tron-et-q6-e-tron-quest-ce-qui-change-pour-le-millesime-2026-5.jpg 700w, https:\/\/www.evearly.news\/fr\/wp-content\/uploads\/sites\/6\/2025\/11\/audi-a6-e-tron-et-q6-e-tron-quest-ce-qui-change-pour-le-millesime-2026-6.jpg 960w, https:\/\/cdn.automobile-propre.com\/uploads\/2025\/11\/A251924_medium-100x66.jpg 100w\" sizes=\"auto, (max-width: 1200px) 100vw, 1200px\" \/><br \/>\nAudi annonce une mise \u00e0 jour pour les mod\u00e8les bas\u00e9s sur les plateformes PPE et PPC. En \u00e9lectrique, seuls les A6 e-tron et Q6 e-tron sont concern\u00e9s. La marque aux anneaux promet une am\u00e9lioration des performances. On fait le point.\u00a0<a href=https:\/\/www.automobile-propre.com\/breves\/mise-a-jour-2026-sur-les-audi-a6-et-q6-e-tron-quest-ce-qui-change\/ target='bwindow'>Lire la suite&#8230;<\/a><\/p>\n","protected":false},"excerpt":{"rendered":"<p>&#8230; <a class=\"continue-reading-link\" href=\"https:\/\/www.evearly.news\/fr\/audi-a6-e-tron-et-q6-e-tron-quest-ce-qui-change-pour-le-millesime-2026\/\"><\/a><\/p>\n","protected":false},"author":8,"featured_media":312996,"comment_status":"closed","ping_status":"open","sticky":false,"template":"Default","format":"standard","meta":{"footnotes":""},"categories":[8],"tags":[],"class_list":["post-312995","post","type-post","status-publish","format-standard","has-post-thumbnail","hentry","category-automobile-propre"],"_links":{"self":[{"href":"https:\/\/www.evearly.news\/fr\/wp-json\/wp\/v2\/posts\/312995","targetHints":{"allow":["GET"]}}],"collection":[{"href":"https:\/\/www.evearly.news\/fr\/wp-json\/wp\/v2\/posts"}],"about":[{"href":"https:\/\/www.evearly.news\/fr\/wp-json\/wp\/v2\/types\/post"}],"author":[{"embeddable":true,"href":"https:\/\/www.evearly.news\/fr\/wp-json\/wp\/v2\/users\/8"}],"replies":[{"embeddable":true,"href":"https:\/\/www.evearly.news\/fr\/wp-json\/wp\/v2\/comments?post=312995"}],"version-history":[{"count":0,"href":"https:\/\/www.evearly.news\/fr\/wp-json\/wp\/v2\/posts\/312995\/revisions"}],"wp:featuredmedia":[{"embeddable":true,"href":"https:\/\/www.evearly.news\/fr\/wp-json\/wp\/v2\/media\/312996"}],"wp:attachment":[{"href":"https:\/\/www.evearly.news\/fr\/wp-json\/wp\/v2\/media?parent=312995"}],"wp:term":[{"taxonomy":"category","embeddable":true,"href":"https:\/\/www.evearly.news\/fr\/wp-json\/wp\/v2\/categories?post=312995"},{"taxonomy":"post_tag","embeddable":true,"href":"https:\/\/www.evearly.news\/fr\/wp-json\/wp\/v2\/tags?post=312995"}],"curies":[{"name":"wp","href":"https:\/\/api.w.org\/{rel}","templated":true}]}}