{"id":313018,"date":"2025-11-30T14:52:43","date_gmt":"2025-11-30T13:52:43","guid":{"rendered":"https:\/\/www.evearly.news\/fr\/cette-entreprise-propose-un-accessoire-de-rangement-pratique-pour-les-voitures-electriques\/"},"modified":"2025-11-30T14:52:43","modified_gmt":"2025-11-30T13:52:43","slug":"cette-entreprise-propose-un-accessoire-de-rangement-pratique-pour-les-voitures-electriques","status":"publish","type":"post","link":"https:\/\/www.evearly.news\/fr\/cette-entreprise-propose-un-accessoire-de-rangement-pratique-pour-les-voitures-electriques\/","title":{"rendered":"Cette entreprise propose un accessoire de rangement pratique pour les voitures \u00e9lectriques"},"content":{"rendered":"<p><img loading=\"lazy\" decoding=\"async\" width=\"500\" height=\"333\" src=\"https:\/\/www.evearly.news\/fr\/wp-content\/uploads\/sites\/6\/2025\/11\/cette-entreprise-propose-un-accessoire-de-rangement-pratique-pour-les-voitures-electriques.jpg\" class=\"attachment-1200x800 size-1200x800 wp-post-image\" alt=\"\" srcset=\"https:\/\/www.evearly.news\/fr\/wp-content\/uploads\/sites\/6\/2025\/11\/cette-entreprise-propose-un-accessoire-de-rangement-pratique-pour-les-voitures-electriques.jpg 1536w, https:\/\/www.evearly.news\/fr\/wp-content\/uploads\/sites\/6\/2025\/11\/cette-entreprise-propose-un-accessoire-de-rangement-pratique-pour-les-voitures-electriques-1.jpg 1640w, https:\/\/www.evearly.news\/fr\/wp-content\/uploads\/sites\/6\/2025\/11\/cette-entreprise-propose-un-accessoire-de-rangement-pratique-pour-les-voitures-electriques-2.jpg 1024w, https:\/\/www.evearly.news\/fr\/wp-content\/uploads\/sites\/6\/2025\/11\/cette-entreprise-propose-un-accessoire-de-rangement-pratique-pour-les-voitures-electriques-3.jpg 140w, https:\/\/www.evearly.news\/fr\/wp-content\/uploads\/sites\/6\/2025\/11\/cette-entreprise-propose-un-accessoire-de-rangement-pratique-pour-les-voitures-electriques-4.jpg 768w, https:\/\/www.evearly.news\/fr\/wp-content\/uploads\/sites\/6\/2025\/11\/cette-entreprise-propose-un-accessoire-de-rangement-pratique-pour-les-voitures-electriques-5.jpg 700w, https:\/\/www.evearly.news\/fr\/wp-content\/uploads\/sites\/6\/2025\/11\/cette-entreprise-propose-un-accessoire-de-rangement-pratique-pour-les-voitures-electriques-6.jpg 960w, https:\/\/www.evearly.news\/fr\/wp-content\/uploads\/sites\/6\/2025\/11\/cette-entreprise-propose-un-accessoire-de-rangement-pratique-pour-les-voitures-electriques-7.jpg 100w, https:\/\/cdn.automobile-propre.com\/uploads\/2025\/11\/Verpackung-frunk-2-e1617356747743.jpg 1900w\" sizes=\"auto, (max-width: 1200px) 100vw, 1200px\" \/><br \/>\nLe frunk fait partie du panel d&rsquo;atouts offerts par les voitures \u00e9lectriques. Ce petit coffre additionnel \u00e0 l&rsquo;avant peut s&rsquo;av\u00e9rer tr\u00e8s pratique. Mais tous les mod\u00e8les n&rsquo;y ont pas le droit. Une entreprise autrichienne a d\u00e9cid\u00e9 de rem\u00e9dier \u00e0 ce probl\u00e8me.\u00a0<a href=https:\/\/www.automobile-propre.com\/breves\/cette-entreprise-propose-un-accessoire-de-rangement-pratique-pour-les-voitures-electriques\/ target='bwindow'>Lire la suite&#8230;<\/a><\/p>\n","protected":false},"excerpt":{"rendered":"<p>&#8230; <a class=\"continue-reading-link\" href=\"https:\/\/www.evearly.news\/fr\/cette-entreprise-propose-un-accessoire-de-rangement-pratique-pour-les-voitures-electriques\/\"><\/a><\/p>\n","protected":false},"author":8,"featured_media":313019,"comment_status":"closed","ping_status":"open","sticky":false,"template":"Default","format":"standard","meta":{"footnotes":""},"categories":[8],"tags":[],"class_list":["post-313018","post","type-post","status-publish","format-standard","has-post-thumbnail","hentry","category-automobile-propre"],"_links":{"self":[{"href":"https:\/\/www.evearly.news\/fr\/wp-json\/wp\/v2\/posts\/313018","targetHints":{"allow":["GET"]}}],"collection":[{"href":"https:\/\/www.evearly.news\/fr\/wp-json\/wp\/v2\/posts"}],"about":[{"href":"https:\/\/www.evearly.news\/fr\/wp-json\/wp\/v2\/types\/post"}],"author":[{"embeddable":true,"href":"https:\/\/www.evearly.news\/fr\/wp-json\/wp\/v2\/users\/8"}],"replies":[{"embeddable":true,"href":"https:\/\/www.evearly.news\/fr\/wp-json\/wp\/v2\/comments?post=313018"}],"version-history":[{"count":0,"href":"https:\/\/www.evearly.news\/fr\/wp-json\/wp\/v2\/posts\/313018\/revisions"}],"wp:featuredmedia":[{"embeddable":true,"href":"https:\/\/www.evearly.news\/fr\/wp-json\/wp\/v2\/media\/313019"}],"wp:attachment":[{"href":"https:\/\/www.evearly.news\/fr\/wp-json\/wp\/v2\/media?parent=313018"}],"wp:term":[{"taxonomy":"category","embeddable":true,"href":"https:\/\/www.evearly.news\/fr\/wp-json\/wp\/v2\/categories?post=313018"},{"taxonomy":"post_tag","embeddable":true,"href":"https:\/\/www.evearly.news\/fr\/wp-json\/wp\/v2\/tags?post=313018"}],"curies":[{"name":"wp","href":"https:\/\/api.w.org\/{rel}","templated":true}]}}