{"id":313020,"date":"2025-11-30T15:00:05","date_gmt":"2025-11-30T14:00:05","guid":{"rendered":"https:\/\/www.evearly.news\/fr\/essai-tesla-model-y-standard-la-version-la-moins-chere-des-model-y-vaut-elle-encore-le-coup\/"},"modified":"2025-11-30T15:00:05","modified_gmt":"2025-11-30T14:00:05","slug":"essai-tesla-model-y-standard-la-version-la-moins-chere-des-model-y-vaut-elle-encore-le-coup","status":"publish","type":"post","link":"https:\/\/www.evearly.news\/fr\/essai-tesla-model-y-standard-la-version-la-moins-chere-des-model-y-vaut-elle-encore-le-coup\/","title":{"rendered":"Essai Tesla Model Y Standard : la version la moins ch\u00e8re des Model Y vaut-elle encore le coup ?"},"content":{"rendered":"<div class=\"media_block\"><img decoding=\"async\" src=\"https:\/\/www.evearly.news\/fr\/wp-content\/uploads\/sites\/6\/2025\/11\/essai-tesla-model-y-standard-la-version-la-moins-chere-des-model-y-vaut-elle-encore-le-coup.jpg\"><\/div>\n<p>Plus abordable mais \u00e9galement moins bien \u00e9quip\u00e9, le nouveau Tesla Model Y Standard a fait couler beaucoup d&rsquo;encre depuis sa sortie il y a quelques semaines. Certains lui reprochent de ne pas en donner assez pour ce qu&rsquo;il co\u00fbte, alors que d&rsquo;autres au contraire font remarquer qu&rsquo;\u00e0 39 990 \u20ac, sans compter le bonus, il est sans concurrence. Il fallait donc bien un essai sur quelques centaines de kilom\u00e8tres pour savoir si ce SUV \u00e9lectrique reste une bonne affaire dans cette version la plus d\u00e9pouill\u00e9e de la voiture la plus vendue au monde en 2023. <a href=https:\/\/www.automobile-magazine.fr\/voitures-electriques\/article\/50284-essai-tesla-model-y-standard-la-version-la-moins-chere-des-model-y-vaut-elle-encore-le-coup target='bwindow'>Lire la suite&#8230;<\/a><\/p>\n","protected":false},"excerpt":{"rendered":"<div class=\"media_block\"><img decoding=\"async\" src=\"https:\/\/www.evearly.news\/fr\/wp-content\/uploads\/sites\/6\/2025\/11\/essai-tesla-model-y-standard-la-version-la-moins-chere-des-model-y-vaut-elle-encore-le-coup.jpg\"><\/div>\n<p> <a class=\"continue-reading-link\" href=\"https:\/\/www.evearly.news\/fr\/essai-tesla-model-y-standard-la-version-la-moins-chere-des-model-y-vaut-elle-encore-le-coup\/\"><\/a><\/p>\n","protected":false},"author":7,"featured_media":313021,"comment_status":"closed","ping_status":"open","sticky":false,"template":"Default","format":"standard","meta":{"footnotes":""},"categories":[7],"tags":[],"class_list":["post-313020","post","type-post","status-publish","format-standard","has-post-thumbnail","hentry","category-automobile-magazine"],"_links":{"self":[{"href":"https:\/\/www.evearly.news\/fr\/wp-json\/wp\/v2\/posts\/313020","targetHints":{"allow":["GET"]}}],"collection":[{"href":"https:\/\/www.evearly.news\/fr\/wp-json\/wp\/v2\/posts"}],"about":[{"href":"https:\/\/www.evearly.news\/fr\/wp-json\/wp\/v2\/types\/post"}],"author":[{"embeddable":true,"href":"https:\/\/www.evearly.news\/fr\/wp-json\/wp\/v2\/users\/7"}],"replies":[{"embeddable":true,"href":"https:\/\/www.evearly.news\/fr\/wp-json\/wp\/v2\/comments?post=313020"}],"version-history":[{"count":0,"href":"https:\/\/www.evearly.news\/fr\/wp-json\/wp\/v2\/posts\/313020\/revisions"}],"wp:featuredmedia":[{"embeddable":true,"href":"https:\/\/www.evearly.news\/fr\/wp-json\/wp\/v2\/media\/313021"}],"wp:attachment":[{"href":"https:\/\/www.evearly.news\/fr\/wp-json\/wp\/v2\/media?parent=313020"}],"wp:term":[{"taxonomy":"category","embeddable":true,"href":"https:\/\/www.evearly.news\/fr\/wp-json\/wp\/v2\/categories?post=313020"},{"taxonomy":"post_tag","embeddable":true,"href":"https:\/\/www.evearly.news\/fr\/wp-json\/wp\/v2\/tags?post=313020"}],"curies":[{"name":"wp","href":"https:\/\/api.w.org\/{rel}","templated":true}]}}