{"id":313026,"date":"2025-11-30T17:52:07","date_gmt":"2025-11-30T16:52:07","guid":{"rendered":"https:\/\/www.evearly.news\/fr\/un-brad-pitt-electrique-tesla-encore-recale-par-le-controle-technique-allemand-un-bonus-ecologique-de-nouveau-en-hausse-le-retour-de-la-remorque-batterie-et-une-station-qui-peut-recharger-164-voitu\/"},"modified":"2025-11-30T17:52:07","modified_gmt":"2025-11-30T16:52:07","slug":"un-brad-pitt-electrique-tesla-encore-recale-par-le-controle-technique-allemand-un-bonus-ecologique-de-nouveau-en-hausse-le-retour-de-la-remorque-batterie-et-une-station-qui-peut-recharger-164-voitu","status":"publish","type":"post","link":"https:\/\/www.evearly.news\/fr\/un-brad-pitt-electrique-tesla-encore-recale-par-le-controle-technique-allemand-un-bonus-ecologique-de-nouveau-en-hausse-le-retour-de-la-remorque-batterie-et-une-station-qui-peut-recharger-164-voitu\/","title":{"rendered":"Un Brad Pitt \u00e9lectrique, Tesla encore recal\u00e9 par le contr\u00f4le technique allemand, un bonus \u00e9cologique de nouveau en hausse, le retour de la remorque-batterie et une station qui peut recharger 164 voitures \u00e9lectriques en m\u00eame temps\u2026 Bienvenue dans Regen n\u00b040"},"content":{"rendered":"<p><img loading=\"lazy\" decoding=\"async\" width=\"500\" height=\"333\" src=\"https:\/\/www.evearly.news\/fr\/wp-content\/uploads\/sites\/6\/2025\/11\/un-brad-pitt-electrique-tesla-encore-recale-par-le-controle-technique-allemand-un-bonus-ecologique-de-nouveau-en-hausse-le-retour-de-la-remorque-batterie-et-une-station-qui-peut-recharger-164-voitu.jpg\" class=\"attachment-1200x800 size-1200x800 wp-post-image\" alt=\"\" srcset=\"https:\/\/www.evearly.news\/fr\/wp-content\/uploads\/sites\/6\/2025\/11\/un-brad-pitt-electrique-tesla-encore-recale-par-le-controle-technique-allemand-un-bonus-ecologique-de-nouveau-en-hausse-le-retour-de-la-remorque-batterie-et-une-station-qui-peut-recharger-164-voitu.jpg 1920w, https:\/\/www.evearly.news\/fr\/wp-content\/uploads\/sites\/6\/2025\/11\/un-brad-pitt-electrique-tesla-encore-recale-par-le-controle-technique-allemand-un-bonus-ecologique-de-nouveau-en-hausse-le-retour-de-la-remorque-batterie-et-une-station-qui-peut-recharger-164-voitu-1.jpg 1640w, https:\/\/www.evearly.news\/fr\/wp-content\/uploads\/sites\/6\/2025\/11\/un-brad-pitt-electrique-tesla-encore-recale-par-le-controle-technique-allemand-un-bonus-ecologique-de-nouveau-en-hausse-le-retour-de-la-remorque-batterie-et-une-station-qui-peut-recharger-164-voitu-2.jpg 1024w, https:\/\/www.evearly.news\/fr\/wp-content\/uploads\/sites\/6\/2025\/11\/un-brad-pitt-electrique-tesla-encore-recale-par-le-controle-technique-allemand-un-bonus-ecologique-de-nouveau-en-hausse-le-retour-de-la-remorque-batterie-et-une-station-qui-peut-recharger-164-voitu-3.jpg 768w, https:\/\/www.evearly.news\/fr\/wp-content\/uploads\/sites\/6\/2025\/11\/un-brad-pitt-electrique-tesla-encore-recale-par-le-controle-technique-allemand-un-bonus-ecologique-de-nouveau-en-hausse-le-retour-de-la-remorque-batterie-et-une-station-qui-peut-recharger-164-voitu-4.jpg 1536w, https:\/\/www.evearly.news\/fr\/wp-content\/uploads\/sites\/6\/2025\/11\/un-brad-pitt-electrique-tesla-encore-recale-par-le-controle-technique-allemand-un-bonus-ecologique-de-nouveau-en-hausse-le-retour-de-la-remorque-batterie-et-une-station-qui-peut-recharger-164-voitu-5.jpg 700w, https:\/\/cdn.automobile-propre.com\/uploads\/2025\/11\/Mercedes-AMG_EQXX_Brad-Pitt_George-Russel_01-960x540.jpg 960w\" sizes=\"auto, (max-width: 1200px) 100vw, 1200px\" \/><br \/>\nAgenda charg\u00e9 ? Regen condense pour vous l\u2019essentiel de l\u2019actualit\u00e9 automobile \u00e9lectrique en quelques lignes.\u00a0<a href=https:\/\/www.automobile-propre.com\/articles\/un-brad-pitt-electrique-tesla-encore-recale-par-le-controle-technique-allemand-un-bonus-ecologique-de-nouveau-en-hausse-le-retour-de-la-remorque-batterie-et-une-station-qui-peut-recharger-164-voitu\/ target='bwindow'>Lire la suite&#8230;<\/a><\/p>\n","protected":false},"excerpt":{"rendered":"<p>&#8230; <a class=\"continue-reading-link\" href=\"https:\/\/www.evearly.news\/fr\/un-brad-pitt-electrique-tesla-encore-recale-par-le-controle-technique-allemand-un-bonus-ecologique-de-nouveau-en-hausse-le-retour-de-la-remorque-batterie-et-une-station-qui-peut-recharger-164-voitu\/\"><\/a><\/p>\n","protected":false},"author":8,"featured_media":313027,"comment_status":"closed","ping_status":"open","sticky":false,"template":"Default","format":"standard","meta":{"footnotes":""},"categories":[8],"tags":[],"class_list":["post-313026","post","type-post","status-publish","format-standard","has-post-thumbnail","hentry","category-automobile-propre"],"_links":{"self":[{"href":"https:\/\/www.evearly.news\/fr\/wp-json\/wp\/v2\/posts\/313026","targetHints":{"allow":["GET"]}}],"collection":[{"href":"https:\/\/www.evearly.news\/fr\/wp-json\/wp\/v2\/posts"}],"about":[{"href":"https:\/\/www.evearly.news\/fr\/wp-json\/wp\/v2\/types\/post"}],"author":[{"embeddable":true,"href":"https:\/\/www.evearly.news\/fr\/wp-json\/wp\/v2\/users\/8"}],"replies":[{"embeddable":true,"href":"https:\/\/www.evearly.news\/fr\/wp-json\/wp\/v2\/comments?post=313026"}],"version-history":[{"count":0,"href":"https:\/\/www.evearly.news\/fr\/wp-json\/wp\/v2\/posts\/313026\/revisions"}],"wp:featuredmedia":[{"embeddable":true,"href":"https:\/\/www.evearly.news\/fr\/wp-json\/wp\/v2\/media\/313027"}],"wp:attachment":[{"href":"https:\/\/www.evearly.news\/fr\/wp-json\/wp\/v2\/media?parent=313026"}],"wp:term":[{"taxonomy":"category","embeddable":true,"href":"https:\/\/www.evearly.news\/fr\/wp-json\/wp\/v2\/categories?post=313026"},{"taxonomy":"post_tag","embeddable":true,"href":"https:\/\/www.evearly.news\/fr\/wp-json\/wp\/v2\/tags?post=313026"}],"curies":[{"name":"wp","href":"https:\/\/api.w.org\/{rel}","templated":true}]}}