{"id":313040,"date":"2025-12-01T09:19:28","date_gmt":"2025-12-01T08:19:28","guid":{"rendered":"https:\/\/www.evearly.news\/fr\/la-tesla-model-3-pourrait-bientot-couter-moins-cher-en-france-avec-cette-nouvelle-version\/"},"modified":"2025-12-01T09:19:28","modified_gmt":"2025-12-01T08:19:28","slug":"la-tesla-model-3-pourrait-bientot-couter-moins-cher-en-france-avec-cette-nouvelle-version","status":"publish","type":"post","link":"https:\/\/www.evearly.news\/fr\/la-tesla-model-3-pourrait-bientot-couter-moins-cher-en-france-avec-cette-nouvelle-version\/","title":{"rendered":"La Tesla Model 3 pourrait bient\u00f4t co\u00fbter moins cher en France avec cette nouvelle version"},"content":{"rendered":"<p><img width=\"1200\" height=\"675\" src=\"https:\/\/www.evearly.news\/fr\/wp-content\/uploads\/sites\/6\/2025\/12\/la-tesla-model-3-pourrait-bientot-couter-moins-cher-en-france-avec-cette-nouvelle-version.jpg\" class=\"attachment-full size-full wp-post-image\" alt=\"\" decoding=\"async\" loading=\"lazy\" \/<br \/>\nInitialement lanc\u00e9e au Mexique puis aux \u00c9tats-Unis, la Tesla Model 3 Standard devrait arriver en Europe. Cette version d&rsquo;entr\u00e9e de gamme pourrait abaisser les prix de la voiture \u00e9lectrique, sans (trop) renoncer \u00e0 ses qualit\u00e9s.<br \/>\n <a href=https:\/\/www.frandroid.com\/marques\/tesla\/2892819_la-tesla-model-3-pourrait-bientot-couter-moins-cher-en-france-avec-cette-nouvelle-version target='blank'>Lire la suite&#8230;<\/a><\/p>\n","protected":false},"excerpt":{"rendered":"<p>&lt;img width=&quot;1200&quot; height=&quot;675&quot; src=&quot;https:\/\/www.evearly.news\/fr\/wp-content\/uploads\/sites\/6\/2025\/12\/la-tesla-model-3-pourrait-bientot-couter-moins-cher-en-france-avec-cette-nouvelle-version.jpg&quot; class=&quot;attachment-full size-full wp-post-image&quot; alt=&quot;&quot; decoding=&quot;async&quot; loading=&quot;lazy&quot; \/<br \/>\nInitialement lanc\u00e9e au Mexique puis aux \u00c9tats-Unis, la Tesla Model 3 Standard devrait arriver en Europe. Cette version d&rsquo;entr\u00e9e de gamme pourrait abaisser les prix de la voiture \u00e9lectrique, sans (trop) renoncer \u00e0 ses qualit\u00e9s.\n<\/p>\n<p> <a class=\"continue-reading-link\" href=\"https:\/\/www.evearly.news\/fr\/la-tesla-model-3-pourrait-bientot-couter-moins-cher-en-france-avec-cette-nouvelle-version\/\"><\/a><\/p>\n","protected":false},"author":6,"featured_media":313041,"comment_status":"closed","ping_status":"open","sticky":false,"template":"Default","format":"standard","meta":{"footnotes":""},"categories":[14],"tags":[],"class_list":["post-313040","post","type-post","status-publish","format-standard","has-post-thumbnail","hentry","category-frandroid"],"_links":{"self":[{"href":"https:\/\/www.evearly.news\/fr\/wp-json\/wp\/v2\/posts\/313040","targetHints":{"allow":["GET"]}}],"collection":[{"href":"https:\/\/www.evearly.news\/fr\/wp-json\/wp\/v2\/posts"}],"about":[{"href":"https:\/\/www.evearly.news\/fr\/wp-json\/wp\/v2\/types\/post"}],"author":[{"embeddable":true,"href":"https:\/\/www.evearly.news\/fr\/wp-json\/wp\/v2\/users\/6"}],"replies":[{"embeddable":true,"href":"https:\/\/www.evearly.news\/fr\/wp-json\/wp\/v2\/comments?post=313040"}],"version-history":[{"count":0,"href":"https:\/\/www.evearly.news\/fr\/wp-json\/wp\/v2\/posts\/313040\/revisions"}],"wp:featuredmedia":[{"embeddable":true,"href":"https:\/\/www.evearly.news\/fr\/wp-json\/wp\/v2\/media\/313041"}],"wp:attachment":[{"href":"https:\/\/www.evearly.news\/fr\/wp-json\/wp\/v2\/media?parent=313040"}],"wp:term":[{"taxonomy":"category","embeddable":true,"href":"https:\/\/www.evearly.news\/fr\/wp-json\/wp\/v2\/categories?post=313040"},{"taxonomy":"post_tag","embeddable":true,"href":"https:\/\/www.evearly.news\/fr\/wp-json\/wp\/v2\/tags?post=313040"}],"curies":[{"name":"wp","href":"https:\/\/api.w.org\/{rel}","templated":true}]}}